{"id":928,"date":"2018-01-30T16:48:03","date_gmt":"2018-01-30T15:48:03","guid":{"rendered":"http:\/\/imprefil.com\/es\/?p=928"},"modified":"2019-03-04T16:57:31","modified_gmt":"2019-03-04T15:57:31","slug":"imprefil-da-un-paso-mas-alla-adaptando-sus-sistemas-a-la-norma-iso-90012015","status":"publish","type":"post","link":"https:\/\/www.imprefil.com\/es\/imprefil-da-un-paso-mas-alla-adaptando-sus-sistemas-a-la-norma-iso-90012015\/","title":{"rendered":"Imprefil da un paso m\u00e1s all\u00e1 adaptando sus sistemas a la norma ISO 9001:2015"},"content":{"rendered":"<p><img loading=\"lazy\" decoding=\"async\" class=\"alignleft size-medium wp-image-930\" src=\"http:\/\/imprefil.com\/es\/wp-content\/uploads\/2018\/10\/ISO-9001-2015-300x300.jpg\" alt=\"\" width=\"300\" height=\"300\" srcset=\"https:\/\/www.imprefil.com\/es\/wp-content\/uploads\/2018\/10\/ISO-9001-2015-300x300.jpg 300w, https:\/\/www.imprefil.com\/es\/wp-content\/uploads\/2018\/10\/ISO-9001-2015-100x100.jpg 100w, https:\/\/www.imprefil.com\/es\/wp-content\/uploads\/2018\/10\/ISO-9001-2015-600x600.jpg 600w, https:\/\/www.imprefil.com\/es\/wp-content\/uploads\/2018\/10\/ISO-9001-2015-150x150.jpg 150w, https:\/\/www.imprefil.com\/es\/wp-content\/uploads\/2018\/10\/ISO-9001-2015-768x768.jpg 768w, https:\/\/www.imprefil.com\/es\/wp-content\/uploads\/2018\/10\/ISO-9001-2015-293x293.jpg 293w, https:\/\/www.imprefil.com\/es\/wp-content\/uploads\/2018\/10\/ISO-9001-2015-111x111.jpg 111w, https:\/\/www.imprefil.com\/es\/wp-content\/uploads\/2018\/10\/ISO-9001-2015.jpg 1000w\" sizes=\"auto, (max-width: 300px) 100vw, 300px\" \/>Imprefil, l\u00edder en el sector de los componentes t\u00e9rmicos y de filtraci\u00f3n para los mercados industriales y de automoci\u00f3n, anuncia la adaptaci\u00f3n de su sistema a la norma ISO 9001:2015, que manteniendo los criterios de las anteriores da un paso m\u00e1s all\u00e1, incorporando el an\u00e1lisis de riesgos y an\u00e1lisis del entorno de la propia empresa entre otros. Impefil contin\u00faa as\u00ed con su compromiso de optimizaci\u00f3n y satisfacci\u00f3n al cliente a trav\u00e9s de un m\u00e9todo de trabajo excelente para la mejora y garant\u00eda de la calidad de sus productos y servicios.<\/p>\n<p><strong>Imprefil<\/strong>, comprometida con la calidad, lleva certificada bajo las diferentes normas ISO 9000 desde el a\u00f1o 1999.\u00a0<strong>Jes\u00fas Villafa\u00f1ez<\/strong>\u00a0Consejero Delegado \u00a0y CEO de Imprefil Distribuciones, comenta al respecto\u00a0<em>\u00abLlevamos casi 20 a\u00f1os comprometidos en un sistema eficiente de mejora continua, buscando ofrecer la mejor calidad en los productos y servicios y as\u00ed trasladar estos beneficios a tantos clientes que han depositado la confianza en nosotros\u00bb<\/em>.<\/p>\n<div class=\"rara_call_to_action clearfix center\"><div class=\"rara_call_to_action_content\"><h3>Leer m\u00e1s<\/h3><\/div><a href=\"http:\/\/www.imprefil.com\/esil\/NotasDePrensa\/NP045\/NdPImp045.htm\" target=\"_blank\" class=\"rara_call_to_action_button\">Ver nota completa<\/a><\/div>\n","protected":false},"excerpt":{"rendered":"<p>Imprefil, l\u00edder en el sector de los componentes t\u00e9rmicos y de filtraci\u00f3n para los mercados industriales y de automoci\u00f3n, anuncia la adaptaci\u00f3n de su sistema a la norma ISO 9001:2015, que manteniendo los criterios de las anteriores da un paso m\u00e1s all\u00e1, incorporando el an\u00e1lisis de riesgos y an\u00e1lisis del entorno de la propia empresa [&hellip;]<\/p>\n","protected":false},"author":2,"featured_media":929,"comment_status":"closed","ping_status":"closed","sticky":false,"template":"","format":"standard","meta":{"footnotes":""},"categories":[29],"tags":[],"class_list":["post-928","post","type-post","status-publish","format-standard","has-post-thumbnail","hentry","category-noticias","latest_post"],"aioseo_notices":[],"_links":{"self":[{"href":"https:\/\/www.imprefil.com\/es\/wp-json\/wp\/v2\/posts\/928","targetHints":{"allow":["GET"]}}],"collection":[{"href":"https:\/\/www.imprefil.com\/es\/wp-json\/wp\/v2\/posts"}],"about":[{"href":"https:\/\/www.imprefil.com\/es\/wp-json\/wp\/v2\/types\/post"}],"author":[{"embeddable":true,"href":"https:\/\/www.imprefil.com\/es\/wp-json\/wp\/v2\/users\/2"}],"replies":[{"embeddable":true,"href":"https:\/\/www.imprefil.com\/es\/wp-json\/wp\/v2\/comments?post=928"}],"version-history":[{"count":1,"href":"https:\/\/www.imprefil.com\/es\/wp-json\/wp\/v2\/posts\/928\/revisions"}],"predecessor-version":[{"id":931,"href":"https:\/\/www.imprefil.com\/es\/wp-json\/wp\/v2\/posts\/928\/revisions\/931"}],"wp:featuredmedia":[{"embeddable":true,"href":"https:\/\/www.imprefil.com\/es\/wp-json\/wp\/v2\/media\/929"}],"wp:attachment":[{"href":"https:\/\/www.imprefil.com\/es\/wp-json\/wp\/v2\/media?parent=928"}],"wp:term":[{"taxonomy":"category","embeddable":true,"href":"https:\/\/www.imprefil.com\/es\/wp-json\/wp\/v2\/categories?post=928"},{"taxonomy":"post_tag","embeddable":true,"href":"https:\/\/www.imprefil.com\/es\/wp-json\/wp\/v2\/tags?post=928"}],"curies":[{"name":"wp","href":"https:\/\/api.w.org\/{rel}","templated":true}]}}