{"id":912,"date":"2018-04-30T16:32:36","date_gmt":"2018-04-30T15:32:36","guid":{"rendered":"http:\/\/imprefil.com\/es\/?p=912"},"modified":"2019-03-04T16:57:30","modified_gmt":"2019-03-04T15:57:30","slug":"un-optimo-aire-acondicionado-en-el-vehiculo-salva-vidas-en-la-carretera","status":"publish","type":"post","link":"https:\/\/www.imprefil.com\/es\/un-optimo-aire-acondicionado-en-el-vehiculo-salva-vidas-en-la-carretera\/","title":{"rendered":"Un \u00f3ptimo aire acondicionado en el veh\u00edculo salva vidas en la carretera"},"content":{"rendered":"<h3><em>Un buen aire acondicionado garantiza una correcta conducci\u00f3n y aumenta la seguridad al volante<\/em><\/h3>\n<p>Un estudio realizado por la Universidad de Wuppertal (Alemania) concluye que el confort en la temperatura del interior del habit\u00e1culo de nuestro veh\u00edculo influye de manera decisiva en la seguridad vial, por lo que un correcto mantenimiento del aire acondicionado del veh\u00edculo puede salvar vidas en la carretera. De hecho, el estudio asegura que las altas temperaturas llevan a los conductores a tomar decisiones equivocadas, aumentan su tiempo de reacci\u00f3n, as\u00ed como su agresividad y los hacen m\u00e1s propensos a cometer errores. En concreto, el informe apunta que los accidentes aumentan el 11% a temperaturas de 27\u00baC y llegan hasta el 22% a 32\u00baC.<\/p>\n<p><img loading=\"lazy\" decoding=\"async\" class=\"size-full wp-image-885 aligncenter\" src=\"http:\/\/imprefil.com\/es\/wp-content\/uploads\/2018\/10\/Hella_Ima_04.jpg\" alt=\"\" width=\"827\" height=\"452\" srcset=\"https:\/\/www.imprefil.com\/es\/wp-content\/uploads\/2018\/10\/Hella_Ima_04.jpg 827w, https:\/\/www.imprefil.com\/es\/wp-content\/uploads\/2018\/10\/Hella_Ima_04-600x328.jpg 600w, https:\/\/www.imprefil.com\/es\/wp-content\/uploads\/2018\/10\/Hella_Ima_04-300x164.jpg 300w, https:\/\/www.imprefil.com\/es\/wp-content\/uploads\/2018\/10\/Hella_Ima_04-768x420.jpg 768w\" sizes=\"auto, (max-width: 827px) 100vw, 827px\" \/><\/p>\n<p>Mantener correctamente el sistema de climatizaci\u00f3n del veh\u00edculo es crucial para aumentar la seguridad al volante. Teniendo en cuenta que se puede llegar a perder al a\u00f1o hasta el 10% del gas refrigerante que hay en este sistema, un problema que puede generar da\u00f1os en el compresor, es muy conveniente no olvidar este apartado del veh\u00edculo en las revisiones peri\u00f3dicas. Adem\u00e1s, sin un mantenimiento regular, el aire acondicionado pierde aproximadamente 5% de su eficiencia original por cada a\u00f1o de operaci\u00f3n, si se le da un mantenimiento adecuado se podr\u00e1 mantener el 95% de la eficiencia original.<\/p>\n<p><img loading=\"lazy\" decoding=\"async\" class=\"alignleft size-medium wp-image-913\" src=\"http:\/\/imprefil.com\/es\/wp-content\/uploads\/2018\/10\/compresor-300x276.jpg\" alt=\"\" width=\"300\" height=\"276\" srcset=\"https:\/\/www.imprefil.com\/es\/wp-content\/uploads\/2018\/10\/compresor-300x276.jpg 300w, https:\/\/www.imprefil.com\/es\/wp-content\/uploads\/2018\/10\/compresor-600x552.jpg 600w, https:\/\/www.imprefil.com\/es\/wp-content\/uploads\/2018\/10\/compresor-768x707.jpg 768w, https:\/\/www.imprefil.com\/es\/wp-content\/uploads\/2018\/10\/compresor-1024x943.jpg 1024w\" sizes=\"auto, (max-width: 300px) 100vw, 300px\" \/>Asimismo, existe componentes clave en el aire acondicionado que requieren de nuestra atenci\u00f3n, tales como: el compresor y los condensadores. As\u00ed, el compresor es el centro del sistema de aire acondicionado de un veh\u00edculo ya que se encarga de recoger el fluido refrigerante en forma de gas desde el evaporador, lo comprime y lo env\u00eda hacia el condensador. El compresor es el componente clave para el comportamiento energ\u00e9tico de un equipo de aire acondicionado y cuanto m\u00e1s eficiente sea, m\u00e1s eficiente ser\u00e1 el aparato de aire acondicionado en relaci\u00f3n al consumo de energ\u00eda.<\/p>\n<div class=\"rara_call_to_action clearfix center\"><div class=\"rara_call_to_action_content\"><h3>Leer m\u00e1s<\/h3>Call to action text<\/div><a href=\"http:\/\/www.imprefil.com\/esil\/NotasDePrensa\/NP049\/NdPImp049.htm\" target=\"_blank\" class=\"rara_call_to_action_button\">Ver nota completa<\/a><\/div>\n","protected":false},"excerpt":{"rendered":"<p>Un buen aire acondicionado garantiza una correcta conducci\u00f3n y aumenta la seguridad al volante Un estudio realizado por la Universidad de Wuppertal (Alemania) concluye que el confort en la temperatura del interior del habit\u00e1culo de nuestro veh\u00edculo influye de manera decisiva en la seguridad vial, por lo que un correcto mantenimiento del aire acondicionado del [&hellip;]<\/p>\n","protected":false},"author":2,"featured_media":914,"comment_status":"closed","ping_status":"closed","sticky":false,"template":"","format":"standard","meta":{"footnotes":""},"categories":[29],"tags":[],"class_list":["post-912","post","type-post","status-publish","format-standard","has-post-thumbnail","hentry","category-noticias","latest_post"],"aioseo_notices":[],"_links":{"self":[{"href":"https:\/\/www.imprefil.com\/es\/wp-json\/wp\/v2\/posts\/912","targetHints":{"allow":["GET"]}}],"collection":[{"href":"https:\/\/www.imprefil.com\/es\/wp-json\/wp\/v2\/posts"}],"about":[{"href":"https:\/\/www.imprefil.com\/es\/wp-json\/wp\/v2\/types\/post"}],"author":[{"embeddable":true,"href":"https:\/\/www.imprefil.com\/es\/wp-json\/wp\/v2\/users\/2"}],"replies":[{"embeddable":true,"href":"https:\/\/www.imprefil.com\/es\/wp-json\/wp\/v2\/comments?post=912"}],"version-history":[{"count":1,"href":"https:\/\/www.imprefil.com\/es\/wp-json\/wp\/v2\/posts\/912\/revisions"}],"predecessor-version":[{"id":915,"href":"https:\/\/www.imprefil.com\/es\/wp-json\/wp\/v2\/posts\/912\/revisions\/915"}],"wp:featuredmedia":[{"embeddable":true,"href":"https:\/\/www.imprefil.com\/es\/wp-json\/wp\/v2\/media\/914"}],"wp:attachment":[{"href":"https:\/\/www.imprefil.com\/es\/wp-json\/wp\/v2\/media?parent=912"}],"wp:term":[{"taxonomy":"category","embeddable":true,"href":"https:\/\/www.imprefil.com\/es\/wp-json\/wp\/v2\/categories?post=912"},{"taxonomy":"post_tag","embeddable":true,"href":"https:\/\/www.imprefil.com\/es\/wp-json\/wp\/v2\/tags?post=912"}],"curies":[{"name":"wp","href":"https:\/\/api.w.org\/{rel}","templated":true}]}}