{"id":884,"date":"2018-07-18T16:04:38","date_gmt":"2018-07-18T15:04:38","guid":{"rendered":"http:\/\/imprefil.com\/es\/?p=884"},"modified":"2019-03-04T16:57:06","modified_gmt":"2019-03-04T15:57:06","slug":"imprefil-incorpora-la-marca-hella-a-su-catalogo","status":"publish","type":"post","link":"https:\/\/www.imprefil.com\/es\/imprefil-incorpora-la-marca-hella-a-su-catalogo\/","title":{"rendered":"Imprefil incorpora la marca Hella a su cat\u00e1logo"},"content":{"rendered":"<h3><em><img loading=\"lazy\" decoding=\"async\" class=\"alignleft size-thumbnail wp-image-886\" src=\"http:\/\/imprefil.com\/es\/wp-content\/uploads\/2018\/10\/HELLA_Logo-150x150.jpg\" alt=\"\" width=\"150\" height=\"150\" srcset=\"https:\/\/www.imprefil.com\/es\/wp-content\/uploads\/2018\/10\/HELLA_Logo-150x150.jpg 150w, https:\/\/www.imprefil.com\/es\/wp-content\/uploads\/2018\/10\/HELLA_Logo-300x300.jpg 300w, https:\/\/www.imprefil.com\/es\/wp-content\/uploads\/2018\/10\/HELLA_Logo-100x100.jpg 100w, https:\/\/www.imprefil.com\/es\/wp-content\/uploads\/2018\/10\/HELLA_Logo-600x600.jpg 600w, https:\/\/www.imprefil.com\/es\/wp-content\/uploads\/2018\/10\/HELLA_Logo-768x768.jpg 768w, https:\/\/www.imprefil.com\/es\/wp-content\/uploads\/2018\/10\/HELLA_Logo-1024x1024.jpg 1024w, https:\/\/www.imprefil.com\/es\/wp-content\/uploads\/2018\/10\/HELLA_Logo-293x293.jpg 293w, https:\/\/www.imprefil.com\/es\/wp-content\/uploads\/2018\/10\/HELLA_Logo-111x111.jpg 111w, https:\/\/www.imprefil.com\/es\/wp-content\/uploads\/2018\/10\/HELLA_Logo.jpg 1080w\" sizes=\"auto, (max-width: 150px) 100vw, 150px\" \/>Imprefil se convierte en uno de los principales proveedores de recambios para climatizaci\u00f3n y refrigeraci\u00f3n tanto en turismo como en veh\u00edculo industrial. Incorpora 6.000 art\u00edculos a su cat\u00e1logo de productos.<\/em><\/h3>\n<p><strong>Jes\u00fas Villafa\u00f1ez<\/strong>\u00a0Consejero Delegado y CEO de\u00a0<strong>Imprefil Distribuciones<\/strong>, anuncia la incorporaci\u00f3n de HELLA a su cat\u00e1logo, principalmente la gama de TERMOCONTROL.<\/p>\n<p>Con este acuerdo,\u00a0<strong>Imprefil\u00a0<\/strong>incorpora a su cat\u00e1logo de T\u00c9RMICO un amplio conjunto de cerca de 6.000 art\u00edculos de gran calidad, correspondientes a 20 familias de productos.<br \/>\n<img loading=\"lazy\" decoding=\"async\" class=\"size-full wp-image-885 aligncenter\" src=\"http:\/\/imprefil.com\/es\/wp-content\/uploads\/2018\/10\/Hella_Ima_04.jpg\" alt=\"\" width=\"827\" height=\"452\" srcset=\"https:\/\/www.imprefil.com\/es\/wp-content\/uploads\/2018\/10\/Hella_Ima_04.jpg 827w, https:\/\/www.imprefil.com\/es\/wp-content\/uploads\/2018\/10\/Hella_Ima_04-600x328.jpg 600w, https:\/\/www.imprefil.com\/es\/wp-content\/uploads\/2018\/10\/Hella_Ima_04-300x164.jpg 300w, https:\/\/www.imprefil.com\/es\/wp-content\/uploads\/2018\/10\/Hella_Ima_04-768x420.jpg 768w\" sizes=\"auto, (max-width: 827px) 100vw, 827px\" \/><\/p>\n<p><strong>Imprefil\u00a0<\/strong>se convierte en uno de los principales proveedores de recambios para climatizaci\u00f3n del veh\u00edculo y en refrigeraci\u00f3n del motor, tanto de turismo como de veh\u00edculo industrial. Con este acuerdo, sus colaboradores, amigos y clientes se benefician de las excelentes condiciones de distribuci\u00f3n y de las ventajas competitivas que\u00a0<strong>Imprefil<\/strong>\u00a0ofrece en su servicio de suministro de recambios.<\/p>\n<div class=\"rara_call_to_action clearfix center\"><div class=\"rara_call_to_action_content\"><h3>leer m\u00e1s<\/h3>Ver nota de prensa completa<\/div><a href=\"http:\/\/www.imprefil.com\/esil\/NotasDePrensa\/NP054\/NdPImp054.htm\" target=\"_blank\" class=\"rara_call_to_action_button\">Ver nota completa<\/a><\/div>\n","protected":false},"excerpt":{"rendered":"<p>Imprefil se convierte en uno de los principales proveedores de recambios para climatizaci\u00f3n y refrigeraci\u00f3n tanto en turismo como en veh\u00edculo industrial. Incorpora 6.000 art\u00edculos a su cat\u00e1logo de productos. Jes\u00fas Villafa\u00f1ez\u00a0Consejero Delegado y CEO de\u00a0Imprefil Distribuciones, anuncia la incorporaci\u00f3n de HELLA a su cat\u00e1logo, principalmente la gama de TERMOCONTROL. Con este acuerdo,\u00a0Imprefil\u00a0incorpora a su [&hellip;]<\/p>\n","protected":false},"author":2,"featured_media":887,"comment_status":"closed","ping_status":"closed","sticky":false,"template":"","format":"standard","meta":{"footnotes":""},"categories":[29],"tags":[],"class_list":["post-884","post","type-post","status-publish","format-standard","has-post-thumbnail","hentry","category-noticias","latest_post"],"aioseo_notices":[],"_links":{"self":[{"href":"https:\/\/www.imprefil.com\/es\/wp-json\/wp\/v2\/posts\/884","targetHints":{"allow":["GET"]}}],"collection":[{"href":"https:\/\/www.imprefil.com\/es\/wp-json\/wp\/v2\/posts"}],"about":[{"href":"https:\/\/www.imprefil.com\/es\/wp-json\/wp\/v2\/types\/post"}],"author":[{"embeddable":true,"href":"https:\/\/www.imprefil.com\/es\/wp-json\/wp\/v2\/users\/2"}],"replies":[{"embeddable":true,"href":"https:\/\/www.imprefil.com\/es\/wp-json\/wp\/v2\/comments?post=884"}],"version-history":[{"count":1,"href":"https:\/\/www.imprefil.com\/es\/wp-json\/wp\/v2\/posts\/884\/revisions"}],"predecessor-version":[{"id":888,"href":"https:\/\/www.imprefil.com\/es\/wp-json\/wp\/v2\/posts\/884\/revisions\/888"}],"wp:featuredmedia":[{"embeddable":true,"href":"https:\/\/www.imprefil.com\/es\/wp-json\/wp\/v2\/media\/887"}],"wp:attachment":[{"href":"https:\/\/www.imprefil.com\/es\/wp-json\/wp\/v2\/media?parent=884"}],"wp:term":[{"taxonomy":"category","embeddable":true,"href":"https:\/\/www.imprefil.com\/es\/wp-json\/wp\/v2\/categories?post=884"},{"taxonomy":"post_tag","embeddable":true,"href":"https:\/\/www.imprefil.com\/es\/wp-json\/wp\/v2\/tags?post=884"}],"curies":[{"name":"wp","href":"https:\/\/api.w.org\/{rel}","templated":true}]}}