{"id":841,"date":"2018-01-25T09:59:02","date_gmt":"2018-01-25T08:59:02","guid":{"rendered":"http:\/\/imprefil.com\/es\/?p=841"},"modified":"2019-03-04T16:57:31","modified_gmt":"2019-03-04T15:57:31","slug":"nueva-gama-de-climatizacion","status":"publish","type":"post","link":"https:\/\/www.imprefil.com\/es\/nueva-gama-de-climatizacion\/","title":{"rendered":"Nueva gama de climatizaci\u00f3n"},"content":{"rendered":"<h3>Imprefil presenta una nueva gama de compresores para aire acondicionado<\/h3>\n<p><img loading=\"lazy\" decoding=\"async\" class=\"alignleft  wp-image-842\" src=\"http:\/\/imprefil.com\/es\/wp-content\/uploads\/2018\/10\/clima431095-300x245.jpg\" alt=\"\" width=\"431\" height=\"330\" \/><\/p>\n<ul>\n<li>La nueva gama de compresores, filtros deshidratadores y v\u00e1lvulas de expansi\u00f3n cubre m\u00e1s del 90% del parque automovil\u00edstico<\/li>\n<li>Fabricados en una calidad compatible con origen, son una opci\u00f3n muy interesante para la tienda de recambios y taller especialista<\/li>\n<li>La nueva gama cubre las principales marcas: AUDI, VW, BMW, MERCEDES, CITROEN, PEUGEOT, OPEL o FORD, entre otras muchas<\/li>\n<li>Prepare su campa\u00f1a de clima 2016 con las mejores condiciones<\/li>\n<\/ul>\n","protected":false},"excerpt":{"rendered":"<p>Imprefil presenta una nueva gama de compresores para aire acondicionado La nueva gama de compresores, filtros deshidratadores y v\u00e1lvulas de expansi\u00f3n cubre m\u00e1s del 90% del parque automovil\u00edstico Fabricados en una calidad compatible con origen, son una opci\u00f3n muy interesante para la tienda de recambios y taller especialista La nueva gama cubre las principales marcas: [&hellip;]<\/p>\n","protected":false},"author":2,"featured_media":0,"comment_status":"closed","ping_status":"closed","sticky":false,"template":"","format":"standard","meta":{"footnotes":""},"categories":[29],"tags":[],"class_list":["post-841","post","type-post","status-publish","format-standard","hentry","category-noticias","latest_post"],"aioseo_notices":[],"_links":{"self":[{"href":"https:\/\/www.imprefil.com\/es\/wp-json\/wp\/v2\/posts\/841","targetHints":{"allow":["GET"]}}],"collection":[{"href":"https:\/\/www.imprefil.com\/es\/wp-json\/wp\/v2\/posts"}],"about":[{"href":"https:\/\/www.imprefil.com\/es\/wp-json\/wp\/v2\/types\/post"}],"author":[{"embeddable":true,"href":"https:\/\/www.imprefil.com\/es\/wp-json\/wp\/v2\/users\/2"}],"replies":[{"embeddable":true,"href":"https:\/\/www.imprefil.com\/es\/wp-json\/wp\/v2\/comments?post=841"}],"version-history":[{"count":3,"href":"https:\/\/www.imprefil.com\/es\/wp-json\/wp\/v2\/posts\/841\/revisions"}],"predecessor-version":[{"id":844,"href":"https:\/\/www.imprefil.com\/es\/wp-json\/wp\/v2\/posts\/841\/revisions\/844"}],"wp:attachment":[{"href":"https:\/\/www.imprefil.com\/es\/wp-json\/wp\/v2\/media?parent=841"}],"wp:term":[{"taxonomy":"category","embeddable":true,"href":"https:\/\/www.imprefil.com\/es\/wp-json\/wp\/v2\/categories?post=841"},{"taxonomy":"post_tag","embeddable":true,"href":"https:\/\/www.imprefil.com\/es\/wp-json\/wp\/v2\/tags?post=841"}],"curies":[{"name":"wp","href":"https:\/\/api.w.org\/{rel}","templated":true}]}}