{"id":5931,"date":"2026-01-22T09:49:55","date_gmt":"2026-01-22T08:49:55","guid":{"rendered":"https:\/\/www.imprefil.com\/es\/?p=5931"},"modified":"2026-01-22T09:49:57","modified_gmt":"2026-01-22T08:49:57","slug":"imprefil-y-baldwin-estrechan-su-colaboracion-en-el-marco-de-las-jornadas-tecnicas-baldwin-university-emea","status":"publish","type":"post","link":"https:\/\/www.imprefil.com\/es\/imprefil-y-baldwin-estrechan-su-colaboracion-en-el-marco-de-las-jornadas-tecnicas-baldwin-university-emea\/","title":{"rendered":"Imprefil y Baldwin estrechan su colaboraci\u00f3n en el marco de las jornadas t\u00e9cnicas Baldwin University EMEA"},"content":{"rendered":"\n<p class=\"has-black-color has-text-color has-link-color wp-elements-2f5ad9f07065a5f11daf837ccf274d4e\"><strong><strong><strong><strong><strong><strong><strong><strong><strong><strong><strong>Imprefil, distribuidor en Espa\u00f1a de la marca de filtros Baldwin, contin\u00faa reforzando su posicionamiento como proveedor t\u00e9cnico especializado a trav\u00e9s de su relaci\u00f3n con fabricantes internacionales de primer nivel.<\/strong><\/strong><\/strong><\/strong><\/strong><\/strong><\/strong><\/strong><\/strong><\/strong><\/strong><\/p>\n\n\n\n<p><strong><em>S\u00edguenos en las RRSS:<\/em><\/strong> <\/p>\n\n\n\n<ul class=\"wp-block-social-links is-layout-flex wp-block-social-links-is-layout-flex\"><li class=\"wp-social-link wp-social-link-linkedin  wp-block-social-link\"><a href=\"https:\/\/www.linkedin.com\/company\/imprefil-distribuciones-s-a-\/posts\/?feedView=all\" class=\"wp-block-social-link-anchor\"><svg width=\"24\" height=\"24\" viewBox=\"0 0 24 24\" version=\"1.1\" xmlns=\"http:\/\/www.w3.org\/2000\/svg\" aria-hidden=\"true\" focusable=\"false\"><path d=\"M19.7,3H4.3C3.582,3,3,3.582,3,4.3v15.4C3,20.418,3.582,21,4.3,21h15.4c0.718,0,1.3-0.582,1.3-1.3V4.3 C21,3.582,20.418,3,19.7,3z M8.339,18.338H5.667v-8.59h2.672V18.338z M7.004,8.574c-0.857,0-1.549-0.694-1.549-1.548 c0-0.855,0.691-1.548,1.549-1.548c0.854,0,1.547,0.694,1.547,1.548C8.551,7.881,7.858,8.574,7.004,8.574z M18.339,18.338h-2.669 v-4.177c0-0.996-0.017-2.278-1.387-2.278c-1.389,0-1.601,1.086-1.601,2.206v4.249h-2.667v-8.59h2.559v1.174h0.037 c0.356-0.675,1.227-1.387,2.526-1.387c2.703,0,3.203,1.779,3.203,4.092V18.338z\"><\/path><\/svg><span class=\"wp-block-social-link-label screen-reader-text\">LinkedIn<\/span><\/a><\/li><\/ul>\n\n\n\n<p><\/p>\n\n\n\n<p class=\"has-text-align-left\">En este contexto, Imprefil ha sido invitada a participar en las jornadas t\u00e9cnicas de Baldwin University EMEA, que se celebrar\u00e1n del 20 al 22 de enero de 2026 en la sede europea del grupo en Dewsbury (Reino Unido)\u00a0con la presencia de David Nu\u00f1ez, Director Comercial y de Producto de Imprefil.<\/p>\n\n\n\n<figure class=\"wp-block-image size-large\"><img loading=\"lazy\" decoding=\"async\" width=\"1024\" height=\"534\" src=\"https:\/\/www.imprefil.com\/es\/wp-content\/uploads\/2025\/10\/Imprefil2025-1024x534.jpg\" alt=\"\" class=\"wp-image-5902\" srcset=\"https:\/\/www.imprefil.com\/es\/wp-content\/uploads\/2025\/10\/Imprefil2025-1024x534.jpg 1024w, https:\/\/www.imprefil.com\/es\/wp-content\/uploads\/2025\/10\/Imprefil2025-300x156.jpg 300w, https:\/\/www.imprefil.com\/es\/wp-content\/uploads\/2025\/10\/Imprefil2025-768x400.jpg 768w, https:\/\/www.imprefil.com\/es\/wp-content\/uploads\/2025\/10\/Imprefil2025.jpg 1182w\" sizes=\"auto, (max-width: 1024px) 100vw, 1024px\" \/><\/figure>\n\n\n\n<p><strong>Baldwin University EMEA<\/strong>&nbsp;nace como la evoluci\u00f3n de los programas formativos desarrollados hasta ahora por el grupo, integrando el conocimiento t\u00e9cnico de la hist\u00f3rica Universidad Racor junto con los contenidos espec\u00edficos de Baldwin. El objetivo de estas jornadas es ofrecer a distribuidores y socios estrat\u00e9gicos como Imprefil, una visi\u00f3n completa sobre el valor de los productos, los procesos de desarrollo y fabricaci\u00f3n, as\u00ed como las l\u00edneas de innovaci\u00f3n que marcar\u00e1n la evoluci\u00f3n de la filtraci\u00f3n en los pr\u00f3ximos a\u00f1os.&nbsp;<\/p>\n\n\n\n<p>Durante las sesiones previstas, los participantes tendr\u00e1n la oportunidad de conocer de primera mano a los equipos t\u00e9cnicos responsables del dise\u00f1o de las soluciones Baldwin, visitar las instalaciones de producci\u00f3n y laboratorio, y profundizar en los criterios t\u00e9cnicos que garantizan el rendimiento, la fiabilidad y la durabilidad de los sistemas de filtraci\u00f3n en aplicaciones exigentes.&nbsp;<\/p>\n\n\n\n<figure class=\"wp-block-image\"><img decoding=\"async\" src=\"https:\/\/www.imprefil.com\/es\/NotasDePrensa\/NP183\/filtros.jpg\" alt=\"\"\/><\/figure>\n\n\n\n<p>La invitaci\u00f3n a Imprefil a este entorno t\u00e9cnico especializado pone de relieve su papel como distribuidor de referencia de la marca Baldwin en el mercado espa\u00f1ol y de Portugal. Una relaci\u00f3n basada en la confianza mutua, el conocimiento del producto y la capacidad de trasladar ese valor t\u00e9cnico al distribuidor y al profesional que opera en sectores como la automoci\u00f3n, el veh\u00edculo industrial, la maquinaria, la industria o las flotas especializadas.&nbsp;<\/p>\n\n\n\n<p>Para Imprefil, el acceso a este tipo de jornadas t\u00e9cnicas supone un refuerzo adicional a su propuesta de servicio, permiti\u00e9ndole mantenerse alineada con los est\u00e1ndares de calidad, innovaci\u00f3n y soporte t\u00e9cnico que caracterizan a Baldwin. Un enfoque coherente con la filosof\u00eda de la compa\u00f1\u00eda, orientada a ofrecer soluciones fiables, informaci\u00f3n precisa y un acompa\u00f1amiento profesional adaptado a las necesidades reales del mercado.&nbsp;<\/p>\n\n\n\n<p>Con iniciativas como esta, Imprefil consolida su posici\u00f3n como interlocutor t\u00e9cnico entre fabricante y cliente final, reforzando una oferta de filtraci\u00f3n basada en producto, conocimiento y servicio.<\/p>\n\n\n\n<p><\/p>\n\n\n\n<p class=\"has-text-align-left\">&nbsp;<a href=\"https:\/\/www.imprefil.com\/es\/NotasDePrensa\/NP182\/NdPImp182.html\" target=\"_blank\" rel=\"noopener ugc\" title=\"https:\/\/www.imprefil.com\/es\/NotasDePrensa\/NP182\/NdPImp182.html\">Ver Nota de prensa<\/a>&nbsp;::&nbsp;<a href=\"http:\/\/www.imprefil.com\/es\/catalogo\/\" title=\"https:\/\/www.imprefil.com\/es\/catalogo\/\">Cat\u00e1logo<\/a><\/p>\n\n\n\n<p><strong>S\u00edguenos en:<\/strong> <a href=\"https:\/\/www.linkedin.com\/company\/imprefil-distribuciones-s-a-\/posts\/?feedView=all\" title=\"\">LindedIN<\/a> :: <a href=\"https:\/\/www.instagram.com\/imprefildistribuciones\/\" title=\"\">Intagram<\/a> :: <a href=\"https:\/\/www.facebook.com\/profile.php?id=61570920622316\" title=\"\">Facebook<\/a><\/p>\n\n\n\n<p><\/p>\n","protected":false},"excerpt":{"rendered":"<p>Imprefil, distribuidor en Espa\u00f1a de la marca de filtros Baldwin, contin\u00faa reforzando su posicionamiento como proveedor t\u00e9cnico especializado a trav\u00e9s de su relaci\u00f3n con fabricantes internacionales de primer nivel. S\u00edguenos en las RRSS: En este contexto, Imprefil ha sido invitada a participar en las jornadas t\u00e9cnicas de Baldwin University EMEA, que se celebrar\u00e1n del 20 [&hellip;]<\/p>\n","protected":false},"author":2,"featured_media":5932,"comment_status":"closed","ping_status":"closed","sticky":false,"template":"","format":"standard","meta":{"footnotes":""},"categories":[29],"tags":[],"class_list":["post-5931","post","type-post","status-publish","format-standard","has-post-thumbnail","hentry","category-noticias","latest_post"],"aioseo_notices":[],"_links":{"self":[{"href":"https:\/\/www.imprefil.com\/es\/wp-json\/wp\/v2\/posts\/5931","targetHints":{"allow":["GET"]}}],"collection":[{"href":"https:\/\/www.imprefil.com\/es\/wp-json\/wp\/v2\/posts"}],"about":[{"href":"https:\/\/www.imprefil.com\/es\/wp-json\/wp\/v2\/types\/post"}],"author":[{"embeddable":true,"href":"https:\/\/www.imprefil.com\/es\/wp-json\/wp\/v2\/users\/2"}],"replies":[{"embeddable":true,"href":"https:\/\/www.imprefil.com\/es\/wp-json\/wp\/v2\/comments?post=5931"}],"version-history":[{"count":1,"href":"https:\/\/www.imprefil.com\/es\/wp-json\/wp\/v2\/posts\/5931\/revisions"}],"predecessor-version":[{"id":5933,"href":"https:\/\/www.imprefil.com\/es\/wp-json\/wp\/v2\/posts\/5931\/revisions\/5933"}],"wp:featuredmedia":[{"embeddable":true,"href":"https:\/\/www.imprefil.com\/es\/wp-json\/wp\/v2\/media\/5932"}],"wp:attachment":[{"href":"https:\/\/www.imprefil.com\/es\/wp-json\/wp\/v2\/media?parent=5931"}],"wp:term":[{"taxonomy":"category","embeddable":true,"href":"https:\/\/www.imprefil.com\/es\/wp-json\/wp\/v2\/categories?post=5931"},{"taxonomy":"post_tag","embeddable":true,"href":"https:\/\/www.imprefil.com\/es\/wp-json\/wp\/v2\/tags?post=5931"}],"curies":[{"name":"wp","href":"https:\/\/api.w.org\/{rel}","templated":true}]}}