{"id":5925,"date":"2026-01-02T12:29:25","date_gmt":"2026-01-02T11:29:25","guid":{"rendered":"https:\/\/www.imprefil.com\/es\/?p=5925"},"modified":"2026-01-05T12:35:58","modified_gmt":"2026-01-05T11:35:58","slug":"imprefil-consolida-en-2025-su-crecimiento-apoyado-en-servicio-logistica-y-especializacion-tecnica","status":"publish","type":"post","link":"https:\/\/www.imprefil.com\/es\/imprefil-consolida-en-2025-su-crecimiento-apoyado-en-servicio-logistica-y-especializacion-tecnica\/","title":{"rendered":"Imprefil consolida en 2025 su crecimiento apoyado en servicio, log\u00edstica y especializaci\u00f3n t\u00e9cnica"},"content":{"rendered":"\n<p class=\"has-black-color has-text-color has-link-color wp-elements-94b467b93557c9a68eb01d72ded9dc48\"><strong><strong><strong><strong><strong><strong><strong><strong><strong><strong>A lo largo del a\u00f1o, Imprefil ha desarrollado una intensa actividad orientada a reforzar su posicionamiento como proveedor t\u00e9cnico de referencia en el mercado de la posventa de automoci\u00f3n, veh\u00edculo industrial, agr\u00edcola, OP e industria.<\/strong><\/strong><\/strong><\/strong><\/strong><\/strong><\/strong><\/strong><\/strong><\/strong><\/p>\n\n\n\n<p><strong><em>S\u00edguenos en las RRSS:<\/em><\/strong> <\/p>\n\n\n\n<ul class=\"wp-block-social-links is-layout-flex wp-block-social-links-is-layout-flex\"><li class=\"wp-social-link wp-social-link-linkedin  wp-block-social-link\"><a href=\"https:\/\/www.linkedin.com\/company\/imprefil-distribuciones-s-a-\/posts\/?feedView=all\" class=\"wp-block-social-link-anchor\"><svg width=\"24\" height=\"24\" viewBox=\"0 0 24 24\" version=\"1.1\" xmlns=\"http:\/\/www.w3.org\/2000\/svg\" aria-hidden=\"true\" focusable=\"false\"><path d=\"M19.7,3H4.3C3.582,3,3,3.582,3,4.3v15.4C3,20.418,3.582,21,4.3,21h15.4c0.718,0,1.3-0.582,1.3-1.3V4.3 C21,3.582,20.418,3,19.7,3z M8.339,18.338H5.667v-8.59h2.672V18.338z M7.004,8.574c-0.857,0-1.549-0.694-1.549-1.548 c0-0.855,0.691-1.548,1.549-1.548c0.854,0,1.547,0.694,1.547,1.548C8.551,7.881,7.858,8.574,7.004,8.574z M18.339,18.338h-2.669 v-4.177c0-0.996-0.017-2.278-1.387-2.278c-1.389,0-1.601,1.086-1.601,2.206v4.249h-2.667v-8.59h2.559v1.174h0.037 c0.356-0.675,1.227-1.387,2.526-1.387c2.703,0,3.203,1.779,3.203,4.092V18.338z\"><\/path><\/svg><span class=\"wp-block-social-link-label screen-reader-text\">LinkedIn<\/span><\/a><\/li><\/ul>\n\n\n\n<p><\/p>\n\n\n\n<p class=\"has-text-align-left\">Ha sido un a\u00f1o marcado por inversiones estrat\u00e9gicas, ampliaci\u00f3n de gama, optimizaci\u00f3n log\u00edstica y una clara apuesta por la mejora continua del servicio al cliente profesional.<\/p>\n\n\n\n<p>Uno de los ejes clave del ejercicio ha sido el fortalecimiento de la<strong>&nbsp;infraestructura log\u00edstica,<\/strong>&nbsp;considerada el coraz\u00f3n operativo de la compa\u00f1\u00eda. Con dos centros de almacenamiento estrat\u00e9gicamente ubicados en Madrid y Barcelona, Imprefil ha optimizado su capacidad de suministro para garantizar una alta disponibilidad de producto, una gesti\u00f3n eficiente del stock y plazos de entrega ajustados a las exigencias del mercado. Esta organizaci\u00f3n permite ofrecer entregas en 24 horas en la mayor\u00eda de los casos, as\u00ed como env\u00edos directos desde f\u00e1brica para determinadas l\u00edneas de producto.<\/p>\n\n\n\n<figure class=\"wp-block-image\"><img decoding=\"async\" src=\"https:\/\/www.imprefil.com\/es\/NotasDePrensa\/NP181\/maquinaria-construccion-moderna.jpg\" alt=\"\"\/><\/figure>\n\n\n\n<p>Durante 2025, Imprefil tambi\u00e9n ha dado pasos relevantes en el \u00e1mbito del&nbsp;<strong>Veh\u00edculo Industrial<\/strong>, incorporando una gama espec\u00edfica de catalizadores, filtros DPF, DOC y sistemas SCR para camiones de las principales marcas europeas. Esta ampliaci\u00f3n responde a la necesidad de ofrecer al mercado una cobertura t\u00e9cnica amplia, con componentes totalmente intercambiables con el original y pensados para facilitar la rentabilidad y eficiencia del servicio posventa.<\/p>\n\n\n\n<figure class=\"wp-block-image\"><img decoding=\"async\" src=\"https:\/\/www.imprefil.com\/es\/NotasDePrensa\/NP176\/foto5Was_700.jpg\" alt=\"\"\/><\/figure>\n\n\n\n<p>La<strong>&nbsp;transformaci\u00f3n digital<\/strong>&nbsp;ha sido otro de los pilares del a\u00f1o. La evoluci\u00f3n de la plataforma Web Shop de Imprefil ha permitido a los clientes gestionar pedidos de forma m\u00e1s \u00e1gil, segura y aut\u00f3noma, integrando informaci\u00f3n t\u00e9cnica y disponibilidad en tiempo real. A ello se suma la profesionalizaci\u00f3n del canal de atenci\u00f3n v\u00eda WhatsApp, que refuerza la cercan\u00eda y rapidez en la comunicaci\u00f3n con clientes, as\u00ed como una estrategia de contenidos continuada en medios especializados y redes profesionales.<\/p>\n\n\n\n<figure class=\"wp-block-image\"><img decoding=\"async\" src=\"https:\/\/www.imprefil.com\/es\/NotasDePrensa\/NP180\/foto9%20700.jpg\" alt=\"\"\/><\/figure>\n\n\n\n<p>Este conjunto de iniciativas responde a una visi\u00f3n clara:&nbsp;<strong>facilitar el trabajo diario de los profesionales<\/strong>, aportando soluciones fiables, disponibilidad real y soporte t\u00e9cnico- comercial constante. Un enfoque que se ha reflejado tambi\u00e9n en la actividad comunicativa de la compa\u00f1\u00eda, con la publicaci\u00f3n de notas de prensa orientadas a informar al mercado sobre novedades de producto, servicios y mejoras operativas.&nbsp;<\/p>\n\n\n\n<p>Con este balance, Imprefil cierra 2025 reafirmando su compromiso con la calidad, el servicio y la especializaci\u00f3n, sentando una&nbsp;<strong>base s\u00f3lida para afrontar los retos de 2026<\/strong>&nbsp;con una propuesta de valor a\u00fan m\u00e1s orientada a la confianza, la eficiencia y la proximidad al cliente profesional.&nbsp;<\/p>\n\n\n\n<figure class=\"wp-block-image\"><img decoding=\"async\" src=\"https:\/\/www.imprefil.com\/es\/NotasDePrensa\/NP182\/carretera.jpg\" alt=\"\"\/><\/figure>\n\n\n\n<p class=\"has-text-align-left\">\u00a0<a href=\"https:\/\/www.imprefil.com\/es\/NotasDePrensa\/NP182\/NdPImp182.html\" target=\"_blank\" rel=\"noopener ugc\" title=\"https:\/\/www.imprefil.com\/es\/NotasDePrensa\/NP182\/NdPImp182.html\">Ver Nota de prensa<\/a>\u00a0::\u00a0<a href=\"http:\/\/www.imprefil.com\/es\/catalogo\/\" title=\"https:\/\/www.imprefil.com\/es\/catalogo\/\">Cat\u00e1logo<\/a><\/p>\n\n\n\n<p><strong>S\u00edguenos en:<\/strong> <a href=\"https:\/\/www.linkedin.com\/company\/imprefil-distribuciones-s-a-\/posts\/?feedView=all\" title=\"\">LindedIN<\/a> :: <a href=\"https:\/\/www.instagram.com\/imprefildistribuciones\/\" title=\"\">Intagram<\/a> :: <a href=\"https:\/\/www.facebook.com\/profile.php?id=61570920622316\" title=\"\">Facebook<\/a><\/p>\n\n\n\n<p><\/p>\n","protected":false},"excerpt":{"rendered":"<p>A lo largo del a\u00f1o, Imprefil ha desarrollado una intensa actividad orientada a reforzar su posicionamiento como proveedor t\u00e9cnico de referencia en el mercado de la posventa de automoci\u00f3n, veh\u00edculo industrial, agr\u00edcola, OP e industria. S\u00edguenos en las RRSS: Ha sido un a\u00f1o marcado por inversiones estrat\u00e9gicas, ampliaci\u00f3n de gama, optimizaci\u00f3n log\u00edstica y una clara [&hellip;]<\/p>\n","protected":false},"author":2,"featured_media":5902,"comment_status":"closed","ping_status":"closed","sticky":false,"template":"","format":"standard","meta":{"footnotes":""},"categories":[29],"tags":[],"class_list":["post-5925","post","type-post","status-publish","format-standard","has-post-thumbnail","hentry","category-noticias","latest_post"],"aioseo_notices":[],"_links":{"self":[{"href":"https:\/\/www.imprefil.com\/es\/wp-json\/wp\/v2\/posts\/5925","targetHints":{"allow":["GET"]}}],"collection":[{"href":"https:\/\/www.imprefil.com\/es\/wp-json\/wp\/v2\/posts"}],"about":[{"href":"https:\/\/www.imprefil.com\/es\/wp-json\/wp\/v2\/types\/post"}],"author":[{"embeddable":true,"href":"https:\/\/www.imprefil.com\/es\/wp-json\/wp\/v2\/users\/2"}],"replies":[{"embeddable":true,"href":"https:\/\/www.imprefil.com\/es\/wp-json\/wp\/v2\/comments?post=5925"}],"version-history":[{"count":4,"href":"https:\/\/www.imprefil.com\/es\/wp-json\/wp\/v2\/posts\/5925\/revisions"}],"predecessor-version":[{"id":5929,"href":"https:\/\/www.imprefil.com\/es\/wp-json\/wp\/v2\/posts\/5925\/revisions\/5929"}],"wp:featuredmedia":[{"embeddable":true,"href":"https:\/\/www.imprefil.com\/es\/wp-json\/wp\/v2\/media\/5902"}],"wp:attachment":[{"href":"https:\/\/www.imprefil.com\/es\/wp-json\/wp\/v2\/media?parent=5925"}],"wp:term":[{"taxonomy":"category","embeddable":true,"href":"https:\/\/www.imprefil.com\/es\/wp-json\/wp\/v2\/categories?post=5925"},{"taxonomy":"post_tag","embeddable":true,"href":"https:\/\/www.imprefil.com\/es\/wp-json\/wp\/v2\/tags?post=5925"}],"curies":[{"name":"wp","href":"https:\/\/api.w.org\/{rel}","templated":true}]}}