{"id":5896,"date":"2025-10-22T11:56:50","date_gmt":"2025-10-22T10:56:50","guid":{"rendered":"https:\/\/www.imprefil.com\/es\/?p=5896"},"modified":"2025-10-22T11:59:38","modified_gmt":"2025-10-22T10:59:38","slug":"imprefil-refuerza-su-eficiencia-logistica-con-una-gestion-de-almacen-ejemplar-en-madrid-y-barcelona","status":"publish","type":"post","link":"https:\/\/www.imprefil.com\/es\/imprefil-refuerza-su-eficiencia-logistica-con-una-gestion-de-almacen-ejemplar-en-madrid-y-barcelona\/","title":{"rendered":"Imprefil refuerza su eficiencia log\u00edstica con una gesti\u00f3n de almac\u00e9n ejemplar en Madrid y Barcelona"},"content":{"rendered":"\n<p class=\"has-black-color has-text-color has-link-color wp-elements-661c8c111515100ebe5bc2277c0c324e\"><strong><strong><strong><strong><strong><strong><strong><strong>En el coraz\u00f3n operativo de Imprefil se encuentra su estructura log\u00edstica: dos almacenes estrat\u00e9gicamente ubicados en Madrid y Barcelona, desde los que la compa\u00f1\u00eda garantiza la m\u00e1xima disponibilidad de producto, rapidez de servicio y fiabilidad en cada env\u00edo.<\/strong><\/strong><\/strong><\/strong><\/strong><\/strong><\/strong><\/strong><\/p>\n\n\n\n<p><strong><em>S\u00edguenos en las RRSS:<\/em><\/strong> <\/p>\n\n\n\n<ul class=\"wp-block-social-links is-layout-flex wp-block-social-links-is-layout-flex\"><li class=\"wp-social-link wp-social-link-linkedin  wp-block-social-link\"><a href=\"https:\/\/www.linkedin.com\/company\/imprefil-distribuciones-s-a-\/posts\/?feedView=all\" class=\"wp-block-social-link-anchor\"><svg width=\"24\" height=\"24\" viewBox=\"0 0 24 24\" version=\"1.1\" xmlns=\"http:\/\/www.w3.org\/2000\/svg\" aria-hidden=\"true\" focusable=\"false\"><path d=\"M19.7,3H4.3C3.582,3,3,3.582,3,4.3v15.4C3,20.418,3.582,21,4.3,21h15.4c0.718,0,1.3-0.582,1.3-1.3V4.3 C21,3.582,20.418,3,19.7,3z M8.339,18.338H5.667v-8.59h2.672V18.338z M7.004,8.574c-0.857,0-1.549-0.694-1.549-1.548 c0-0.855,0.691-1.548,1.549-1.548c0.854,0,1.547,0.694,1.547,1.548C8.551,7.881,7.858,8.574,7.004,8.574z M18.339,18.338h-2.669 v-4.177c0-0.996-0.017-2.278-1.387-2.278c-1.389,0-1.601,1.086-1.601,2.206v4.249h-2.667v-8.59h2.559v1.174h0.037 c0.356-0.675,1.227-1.387,2.526-1.387c2.703,0,3.203,1.779,3.203,4.092V18.338z\"><\/path><\/svg><span class=\"wp-block-social-link-label screen-reader-text\">LinkedIn<\/span><\/a><\/li><\/ul>\n\n\n\n<p><\/p>\n\n\n\n<p class=\"has-text-align-left\">Esta red log\u00edstica constituye un pilar esencial en el compromiso de Imprefil con la calidad y la atenci\u00f3n al cliente profesional. Ambos centros conforman un modelo de eficiencia donde el orden, la limpieza y la organizaci\u00f3n son parte de la cultura de trabajo. Miles de referencias en filtraci\u00f3n, refrigeraci\u00f3n y control de emisiones se gestionan bajo un sistema estructurado que combina la experiencia del equipo humano con una planificaci\u00f3n log\u00edstica rigurosa. Esta combinaci\u00f3n asegura un abastecimiento constante y evita roturas de stock incluso en los momentos de mayor demanda del sector.<\/p>\n\n\n\n<figure class=\"wp-block-image size-large\"><img loading=\"lazy\" decoding=\"async\" width=\"1024\" height=\"534\" src=\"https:\/\/www.imprefil.com\/es\/wp-content\/uploads\/2025\/10\/Imprefil2025-1024x534.jpg\" alt=\"\" class=\"wp-image-5902\" srcset=\"https:\/\/www.imprefil.com\/es\/wp-content\/uploads\/2025\/10\/Imprefil2025-1024x534.jpg 1024w, https:\/\/www.imprefil.com\/es\/wp-content\/uploads\/2025\/10\/Imprefil2025-300x156.jpg 300w, https:\/\/www.imprefil.com\/es\/wp-content\/uploads\/2025\/10\/Imprefil2025-768x400.jpg 768w, https:\/\/www.imprefil.com\/es\/wp-content\/uploads\/2025\/10\/Imprefil2025.jpg 1182w\" sizes=\"auto, (max-width: 1024px) 100vw, 1024px\" \/><\/figure>\n\n\n\n<p>El almac\u00e9n de Madrid, por su capacidad y nivel de actividad, act\u00faa como centro neur\u00e1lgico de operaciones, mientras que el de Barcelona ampl\u00eda la cobertura y reduce los tiempos de entrega en todo el arco mediterr\u00e1neo. Juntos, refuerzan una estrategia geogr\u00e1fica que permite a Imprefil ofrecer un servicio \u00e1gil, fiable y cercano a sus clientes en toda Espa\u00f1a.&nbsp;<\/p>\n\n\n\n<figure class=\"wp-block-image size-full\"><img loading=\"lazy\" decoding=\"async\" width=\"1547\" height=\"740\" src=\"https:\/\/www.imprefil.com\/es\/wp-content\/uploads\/2025\/10\/foto7.jpg\" alt=\"\" class=\"wp-image-5899\" srcset=\"https:\/\/www.imprefil.com\/es\/wp-content\/uploads\/2025\/10\/foto7.jpg 1547w, https:\/\/www.imprefil.com\/es\/wp-content\/uploads\/2025\/10\/foto7-300x144.jpg 300w, https:\/\/www.imprefil.com\/es\/wp-content\/uploads\/2025\/10\/foto7-1024x490.jpg 1024w, https:\/\/www.imprefil.com\/es\/wp-content\/uploads\/2025\/10\/foto7-768x367.jpg 768w, https:\/\/www.imprefil.com\/es\/wp-content\/uploads\/2025\/10\/foto7-1536x735.jpg 1536w, https:\/\/www.imprefil.com\/es\/wp-content\/uploads\/2025\/10\/foto7-750x360.jpg 750w\" sizes=\"auto, (max-width: 1547px) 100vw, 1547px\" \/><\/figure>\n\n\n\n<p>Detr\u00e1s de esta organizaci\u00f3n se encuentra un equipo de profesionales experimentados y altamente cualificados. Su conocimiento t\u00e9cnico de los productos, junto con la coordinaci\u00f3n continua con los departamentos comercial y de compras, asegura un flujo de trabajo \u00e1gil y preciso desde la recepci\u00f3n del pedido hasta la entrega final. Cada operativa responde a un principio b\u00e1sico: convertir la log\u00edstica en un valor a\u00f1adido para el cliente.\u00a0<\/p>\n\n\n\n<figure class=\"wp-block-image size-large\"><img loading=\"lazy\" decoding=\"async\" width=\"1024\" height=\"477\" src=\"https:\/\/www.imprefil.com\/es\/wp-content\/uploads\/2025\/10\/foto6-1024x477.jpg\" alt=\"\" class=\"wp-image-5900\" srcset=\"https:\/\/www.imprefil.com\/es\/wp-content\/uploads\/2025\/10\/foto6-1024x477.jpg 1024w, https:\/\/www.imprefil.com\/es\/wp-content\/uploads\/2025\/10\/foto6-300x140.jpg 300w, https:\/\/www.imprefil.com\/es\/wp-content\/uploads\/2025\/10\/foto6-768x358.jpg 768w, https:\/\/www.imprefil.com\/es\/wp-content\/uploads\/2025\/10\/foto6-1536x715.jpg 1536w, https:\/\/www.imprefil.com\/es\/wp-content\/uploads\/2025\/10\/foto6.jpg 1568w\" sizes=\"auto, (max-width: 1024px) 100vw, 1024px\" \/><\/figure>\n\n\n\n<p>Las instalaciones de Imprefil cuentan con medidas de seguridad avanzadas, zonas de almacenamiento perfectamente se\u00f1alizadas y un control exhaustivo de la trazabilidad de cada env\u00edo. Esta atenci\u00f3n al detalle refleja la filosof\u00eda de la empresa: ofrecer no solo productos de calidad, sino tambi\u00e9n un servicio log\u00edstico que inspire confianza y garantice continuidad.&nbsp;<\/p>\n\n\n\n<figure class=\"wp-block-image size-full\"><img loading=\"lazy\" decoding=\"async\" width=\"1001\" height=\"535\" src=\"https:\/\/www.imprefil.com\/es\/wp-content\/uploads\/2025\/10\/foto2.jpg\" alt=\"\" class=\"wp-image-5901\" srcset=\"https:\/\/www.imprefil.com\/es\/wp-content\/uploads\/2025\/10\/foto2.jpg 1001w, https:\/\/www.imprefil.com\/es\/wp-content\/uploads\/2025\/10\/foto2-300x160.jpg 300w, https:\/\/www.imprefil.com\/es\/wp-content\/uploads\/2025\/10\/foto2-768x410.jpg 768w\" sizes=\"auto, (max-width: 1001px) 100vw, 1001px\" \/><\/figure>\n\n\n\n<p>Con su estructura log\u00edstica en constante evoluci\u00f3n, Imprefil demuestra que la fortaleza de una compa\u00f1\u00eda no depende solo de lo que ofrece, sino de c\u00f3mo lo entrega. Sus almacenes de Madrid y Barcelona son el mejor ejemplo de un compromiso sostenido con la eficiencia, la disponibilidad y el servicio al cliente profesional que impulsa el sector d\u00eda tras d\u00eda.<\/p>\n\n\n\n<p><a href=\"https:\/\/www.imprefil.com\/es\/NotasDePrensa\/NP180\/NdPImp180html\" target=\"_blank\" rel=\"noopener ugc\" title=\"https:\/\/www.imprefil.com\/es\/NotasDePrensa\/NP180\/NdPImp180.html\">Ver Nota de prensa<\/a>\u00a0::\u00a0<a href=\"http:\/\/www.imprefil.com\/es\/catalogo\/\" title=\"https:\/\/www.imprefil.com\/es\/catalogo\/\">Cat\u00e1logo<\/a><\/p>\n\n\n\n<p><strong>S\u00edguenos en:<\/strong> <a href=\"https:\/\/www.linkedin.com\/company\/imprefil-distribuciones-s-a-\/posts\/?feedView=all\" title=\"\">LindedIN<\/a> :: <a href=\"https:\/\/www.instagram.com\/imprefildistribuciones\/\" title=\"\">Intagram<\/a> :: <a href=\"https:\/\/www.facebook.com\/profile.php?id=61570920622316\" title=\"\">Facebook<\/a><\/p>\n\n\n\n<p><\/p>\n","protected":false},"excerpt":{"rendered":"<p>En el coraz\u00f3n operativo de Imprefil se encuentra su estructura log\u00edstica: dos almacenes estrat\u00e9gicamente ubicados en Madrid y Barcelona, desde los que la compa\u00f1\u00eda garantiza la m\u00e1xima disponibilidad de producto, rapidez de servicio y fiabilidad en cada env\u00edo. S\u00edguenos en las RRSS: Esta red log\u00edstica constituye un pilar esencial en el compromiso de Imprefil con [&hellip;]<\/p>\n","protected":false},"author":2,"featured_media":5897,"comment_status":"closed","ping_status":"closed","sticky":false,"template":"","format":"standard","meta":{"footnotes":""},"categories":[29],"tags":[],"class_list":["post-5896","post","type-post","status-publish","format-standard","has-post-thumbnail","hentry","category-noticias","latest_post"],"aioseo_notices":[],"_links":{"self":[{"href":"https:\/\/www.imprefil.com\/es\/wp-json\/wp\/v2\/posts\/5896","targetHints":{"allow":["GET"]}}],"collection":[{"href":"https:\/\/www.imprefil.com\/es\/wp-json\/wp\/v2\/posts"}],"about":[{"href":"https:\/\/www.imprefil.com\/es\/wp-json\/wp\/v2\/types\/post"}],"author":[{"embeddable":true,"href":"https:\/\/www.imprefil.com\/es\/wp-json\/wp\/v2\/users\/2"}],"replies":[{"embeddable":true,"href":"https:\/\/www.imprefil.com\/es\/wp-json\/wp\/v2\/comments?post=5896"}],"version-history":[{"count":2,"href":"https:\/\/www.imprefil.com\/es\/wp-json\/wp\/v2\/posts\/5896\/revisions"}],"predecessor-version":[{"id":5904,"href":"https:\/\/www.imprefil.com\/es\/wp-json\/wp\/v2\/posts\/5896\/revisions\/5904"}],"wp:featuredmedia":[{"embeddable":true,"href":"https:\/\/www.imprefil.com\/es\/wp-json\/wp\/v2\/media\/5897"}],"wp:attachment":[{"href":"https:\/\/www.imprefil.com\/es\/wp-json\/wp\/v2\/media?parent=5896"}],"wp:term":[{"taxonomy":"category","embeddable":true,"href":"https:\/\/www.imprefil.com\/es\/wp-json\/wp\/v2\/categories?post=5896"},{"taxonomy":"post_tag","embeddable":true,"href":"https:\/\/www.imprefil.com\/es\/wp-json\/wp\/v2\/tags?post=5896"}],"curies":[{"name":"wp","href":"https:\/\/api.w.org\/{rel}","templated":true}]}}