{"id":5796,"date":"2025-06-24T11:50:08","date_gmt":"2025-06-24T10:50:08","guid":{"rendered":"https:\/\/www.imprefil.com\/es\/?p=5796"},"modified":"2025-06-24T11:52:28","modified_gmt":"2025-06-24T10:52:28","slug":"imprefil-acuerda-con-gm-radiator-el-envio-directo-desde-fabrica-a-sus-clientes","status":"publish","type":"post","link":"https:\/\/www.imprefil.com\/es\/imprefil-acuerda-con-gm-radiator-el-envio-directo-desde-fabrica-a-sus-clientes\/","title":{"rendered":"Imprefil acuerda con G&amp;M Radiator el env\u00edo directo desde f\u00e1brica a sus clientes"},"content":{"rendered":"\n<p class=\"has-black-color has-text-color has-link-color wp-elements-dffd70832b266ea4f20ac43166c40ede\"><strong><strong><strong><strong>El nuevo sistema de distribuci\u00f3n mejora los plazos de entrega y optimiza el servicio log\u00edstico en una gama de productos clave para talleres y distribuidores.<\/strong><\/strong><\/strong><\/strong><\/p>\n\n\n\n<p><strong><em>S\u00edguenos en las RRSS:<\/em><\/strong> <\/p>\n\n\n\n<ul class=\"wp-block-social-links is-layout-flex wp-block-social-links-is-layout-flex\"><li class=\"wp-social-link wp-social-link-linkedin  wp-block-social-link\"><a href=\"https:\/\/www.linkedin.com\/company\/imprefil-distribuciones-s-a-\/posts\/?feedView=all\" class=\"wp-block-social-link-anchor\"><svg width=\"24\" height=\"24\" viewBox=\"0 0 24 24\" version=\"1.1\" xmlns=\"http:\/\/www.w3.org\/2000\/svg\" aria-hidden=\"true\" focusable=\"false\"><path d=\"M19.7,3H4.3C3.582,3,3,3.582,3,4.3v15.4C3,20.418,3.582,21,4.3,21h15.4c0.718,0,1.3-0.582,1.3-1.3V4.3 C21,3.582,20.418,3,19.7,3z M8.339,18.338H5.667v-8.59h2.672V18.338z M7.004,8.574c-0.857,0-1.549-0.694-1.549-1.548 c0-0.855,0.691-1.548,1.549-1.548c0.854,0,1.547,0.694,1.547,1.548C8.551,7.881,7.858,8.574,7.004,8.574z M18.339,18.338h-2.669 v-4.177c0-0.996-0.017-2.278-1.387-2.278c-1.389,0-1.601,1.086-1.601,2.206v4.249h-2.667v-8.59h2.559v1.174h0.037 c0.356-0.675,1.227-1.387,2.526-1.387c2.703,0,3.203,1.779,3.203,4.092V18.338z\"><\/path><\/svg><span class=\"wp-block-social-link-label screen-reader-text\">LinkedIn<\/span><\/a><\/li><\/ul>\n\n\n\n<p><\/p>\n\n\n\n<p class=\"has-text-align-left\">Imprefil ha alcanzado un nuevo acuerdo con G&amp;M, fabricante internacional de productos de t\u00e9rmico y radiadores, por el que se autoriza el env\u00edo directo de producto desde f\u00e1brica al cliente final. Esta modalidad de suministro permite a los clientes de Imprefil beneficiarse del amplio stock del fabricante, con entregas r\u00e1pidas y gesti\u00f3n directa del env\u00edo en nombre de Imprefil.<\/p>\n\n\n\n<figure class=\"wp-block-image size-large\"><img loading=\"lazy\" decoding=\"async\" width=\"1024\" height=\"768\" src=\"https:\/\/www.imprefil.com\/es\/wp-content\/uploads\/2025\/06\/DSCF0844-1024x768.jpg\" alt=\"\" class=\"wp-image-5799\" srcset=\"https:\/\/www.imprefil.com\/es\/wp-content\/uploads\/2025\/06\/DSCF0844-1024x768.jpg 1024w, https:\/\/www.imprefil.com\/es\/wp-content\/uploads\/2025\/06\/DSCF0844-300x225.jpg 300w, https:\/\/www.imprefil.com\/es\/wp-content\/uploads\/2025\/06\/DSCF0844-768x576.jpg 768w, https:\/\/www.imprefil.com\/es\/wp-content\/uploads\/2025\/06\/DSCF0844-1536x1152.jpg 1536w, https:\/\/www.imprefil.com\/es\/wp-content\/uploads\/2025\/06\/DSCF0844-2048x1536.jpg 2048w\" sizes=\"auto, (max-width: 1024px) 100vw, 1024px\" \/><\/figure>\n\n\n\n<p>El servicio de entrega directa est\u00e1 especialmente pensado para responder con agilidad a pedidos urgentes o referencias menos habituales que no se encuentran en el stock nacional. Al apoyarse en el inventario global de G&amp;M y su capacidad log\u00edstica, Imprefil ampl\u00eda su alcance de servicio sin aumentar los tiempos de espera, manteniendo la trazabilidad y el seguimiento del pedido como parte de su atenci\u00f3n comercial habitual.&nbsp;<\/p>\n\n\n\n<figure class=\"wp-block-image\"><img decoding=\"async\" src=\"https:\/\/www.imprefil.com\/es\/NotasDePrensa\/NP174\/DSC_0825_700.jpg\" alt=\"\"\/><\/figure>\n\n\n\n<p>Este modelo de distribuci\u00f3n permite a los talleres, flotas o distribuidores profesionales clientes y colaboradores de Imprefil, disponer de un acceso m\u00e1s r\u00e1pido y eficiente a una gama de productos que destaca por su relaci\u00f3n calidad-precio y su cumplimiento con los est\u00e1ndares del mercado europeo de posventa.&nbsp;<\/p>\n\n\n\n<p>Adem\u00e1s, los env\u00edos se realizan el mismo d\u00eda de la solicitud, siempre que el pedido se formalice antes del horario de corte log\u00edstico, lo que supone una ventaja operativa clave en entornos donde la disponibilidad inmediata del componente es cr\u00edtica.&nbsp;<\/p>\n\n\n\n<figure class=\"wp-block-image\"><img decoding=\"async\" src=\"https:\/\/www.imprefil.com\/es\/NotasDePrensa\/NP174\/51007_700.jpg\" alt=\"\"\/><\/figure>\n\n\n\n<p>Con esta nueva soluci\u00f3n, Imprefil reafirma su compromiso con el servicio t\u00e9cnico de calidad y la mejora continua de sus procesos log\u00edsticos, adapt\u00e1ndose a las necesidades reales del taller y del cliente profesional en el sector de la automoci\u00f3n y los recambios industriales.&nbsp;<\/p>\n\n\n\n<p class=\"has-text-align-left\">La l\u00ednea de G&amp;M Radiator ofrece una&nbsp;<strong>soluci\u00f3n avanzada y fiable<\/strong>, con capacidad de fabricaci\u00f3n a medida, altos est\u00e1ndares de calidad, amplia cobertura de sectores y entrega eficiente. Una soluci\u00f3n s\u00f3lida que refuerza la oferta de Imprefil en su&nbsp;<strong>cat\u00e1logo t\u00e9rmico.<\/strong><\/p>\n\n\n\n<p><a href=\"https:\/\/www.imprefil.com\/es\/NotasDePrensa\/NP174\/NdPImp174.html\" target=\"_blank\" rel=\"noopener ugc\" title=\"https:\/\/www.imprefil.com\/es\/NotasDePrensa\/NP174\/NdPImp174.html\">Ver Nota de prensa<\/a>\u00a0::\u00a0<a href=\"http:\/\/www.imprefil.com\/es\/catalogo\/\" title=\"https:\/\/www.imprefil.com\/es\/catalogo\/\">Cat\u00e1logo<\/a><\/p>\n\n\n\n<p><strong>S\u00edguenos en:<\/strong> <a href=\"https:\/\/www.linkedin.com\/company\/imprefil-distribuciones-s-a-\/posts\/?feedView=all\" title=\"\">LindedIN<\/a> :: <a href=\"https:\/\/www.instagram.com\/imprefildistribuciones\/\" title=\"\">Intagram<\/a> :: <a href=\"https:\/\/www.facebook.com\/profile.php?id=61570920622316\" title=\"\">Facebook<\/a><\/p>\n\n\n\n<p><\/p>\n","protected":false},"excerpt":{"rendered":"<p>El nuevo sistema de distribuci\u00f3n mejora los plazos de entrega y optimiza el servicio log\u00edstico en una gama de productos clave para talleres y distribuidores. S\u00edguenos en las RRSS: Imprefil ha alcanzado un nuevo acuerdo con G&amp;M, fabricante internacional de productos de t\u00e9rmico y radiadores, por el que se autoriza el env\u00edo directo de producto [&hellip;]<\/p>\n","protected":false},"author":2,"featured_media":5801,"comment_status":"closed","ping_status":"closed","sticky":false,"template":"","format":"standard","meta":{"footnotes":""},"categories":[29],"tags":[],"class_list":["post-5796","post","type-post","status-publish","format-standard","has-post-thumbnail","hentry","category-noticias","latest_post"],"aioseo_notices":[],"_links":{"self":[{"href":"https:\/\/www.imprefil.com\/es\/wp-json\/wp\/v2\/posts\/5796","targetHints":{"allow":["GET"]}}],"collection":[{"href":"https:\/\/www.imprefil.com\/es\/wp-json\/wp\/v2\/posts"}],"about":[{"href":"https:\/\/www.imprefil.com\/es\/wp-json\/wp\/v2\/types\/post"}],"author":[{"embeddable":true,"href":"https:\/\/www.imprefil.com\/es\/wp-json\/wp\/v2\/users\/2"}],"replies":[{"embeddable":true,"href":"https:\/\/www.imprefil.com\/es\/wp-json\/wp\/v2\/comments?post=5796"}],"version-history":[{"count":2,"href":"https:\/\/www.imprefil.com\/es\/wp-json\/wp\/v2\/posts\/5796\/revisions"}],"predecessor-version":[{"id":5800,"href":"https:\/\/www.imprefil.com\/es\/wp-json\/wp\/v2\/posts\/5796\/revisions\/5800"}],"wp:featuredmedia":[{"embeddable":true,"href":"https:\/\/www.imprefil.com\/es\/wp-json\/wp\/v2\/media\/5801"}],"wp:attachment":[{"href":"https:\/\/www.imprefil.com\/es\/wp-json\/wp\/v2\/media?parent=5796"}],"wp:term":[{"taxonomy":"category","embeddable":true,"href":"https:\/\/www.imprefil.com\/es\/wp-json\/wp\/v2\/categories?post=5796"},{"taxonomy":"post_tag","embeddable":true,"href":"https:\/\/www.imprefil.com\/es\/wp-json\/wp\/v2\/tags?post=5796"}],"curies":[{"name":"wp","href":"https:\/\/api.w.org\/{rel}","templated":true}]}}