{"id":5769,"date":"2025-06-02T09:13:35","date_gmt":"2025-06-02T08:13:35","guid":{"rendered":"https:\/\/www.imprefil.com\/es\/?p=5769"},"modified":"2025-06-02T09:13:35","modified_gmt":"2025-06-02T08:13:35","slug":"imprefil-consolida-el-interes-del-mercado-tras-su-participacion-en-motortec-con-una-oferta-especializada-y-en-expansion","status":"publish","type":"post","link":"https:\/\/www.imprefil.com\/es\/imprefil-consolida-el-interes-del-mercado-tras-su-participacion-en-motortec-con-una-oferta-especializada-y-en-expansion\/","title":{"rendered":"Imprefil consolida el inter\u00e9s del mercado tras su participaci\u00f3n en Motortec con una oferta especializada y en expansi\u00f3n"},"content":{"rendered":"\n<p class=\"has-black-color has-text-color has-link-color wp-elements-a9baf025aaeba4aee8bda40d99b3036c\"><strong><strong>M\u00e1s all\u00e1 del evento, los encuentros mantenidos con profesionales del sector durante y despu\u00e9s de la feria han confirmado el acierto de las apuestas estrat\u00e9gicas de Imprefil en sus tres l\u00edneas clave: filtraci\u00f3n, t\u00e9rmico y sistemas de escape.<\/strong><\/strong><\/p>\n\n\n\n<p class=\"has-black-color has-text-color has-link-color wp-elements-9ac00cf961d1ea846fe5a532228b76c6\"><\/p>\n\n\n\n<p><strong><em>S\u00edguenos en las RRSS:<\/em><\/strong> <\/p>\n\n\n\n<ul class=\"wp-block-social-links is-layout-flex wp-block-social-links-is-layout-flex\"><li class=\"wp-social-link wp-social-link-linkedin  wp-block-social-link\"><a href=\"https:\/\/www.linkedin.com\/company\/imprefil-distribuciones-s-a-\/posts\/?feedView=all\" class=\"wp-block-social-link-anchor\"><svg width=\"24\" height=\"24\" viewBox=\"0 0 24 24\" version=\"1.1\" xmlns=\"http:\/\/www.w3.org\/2000\/svg\" aria-hidden=\"true\" focusable=\"false\"><path d=\"M19.7,3H4.3C3.582,3,3,3.582,3,4.3v15.4C3,20.418,3.582,21,4.3,21h15.4c0.718,0,1.3-0.582,1.3-1.3V4.3 C21,3.582,20.418,3,19.7,3z M8.339,18.338H5.667v-8.59h2.672V18.338z M7.004,8.574c-0.857,0-1.549-0.694-1.549-1.548 c0-0.855,0.691-1.548,1.549-1.548c0.854,0,1.547,0.694,1.547,1.548C8.551,7.881,7.858,8.574,7.004,8.574z M18.339,18.338h-2.669 v-4.177c0-0.996-0.017-2.278-1.387-2.278c-1.389,0-1.601,1.086-1.601,2.206v4.249h-2.667v-8.59h2.559v1.174h0.037 c0.356-0.675,1.227-1.387,2.526-1.387c2.703,0,3.203,1.779,3.203,4.092V18.338z\"><\/path><\/svg><span class=\"wp-block-social-link-label screen-reader-text\">LinkedIn<\/span><\/a><\/li><\/ul>\n\n\n\n<p><\/p>\n\n\n\n<p class=\"has-text-align-left\">Tras m\u00e1s de 30 d\u00edas desde su participaci\u00f3n en Motortec, Imprefil contin\u00faa recogiendo impresiones muy positivas del sector sobre las soluciones y novedades que present\u00f3 en la feria. La valoraci\u00f3n de los profesionales que visitaron el stand ha sido un\u00e1nime en destacar la calidad, la amplitud de gama y el enfoque t\u00e9cnico-comercial de una propuesta que sigue evolucionando en l\u00ednea con las exigencias del mercado de posventa.\u00a0<\/p>\n\n\n\n<figure class=\"wp-block-image size-large\"><img loading=\"lazy\" decoding=\"async\" width=\"1024\" height=\"458\" src=\"https:\/\/www.imprefil.com\/es\/wp-content\/uploads\/2025\/06\/Stand-Motortec25-1024x458.jpg\" alt=\"\" class=\"wp-image-5770\" srcset=\"https:\/\/www.imprefil.com\/es\/wp-content\/uploads\/2025\/06\/Stand-Motortec25-1024x458.jpg 1024w, https:\/\/www.imprefil.com\/es\/wp-content\/uploads\/2025\/06\/Stand-Motortec25-300x134.jpg 300w, https:\/\/www.imprefil.com\/es\/wp-content\/uploads\/2025\/06\/Stand-Motortec25-768x343.jpg 768w, https:\/\/www.imprefil.com\/es\/wp-content\/uploads\/2025\/06\/Stand-Motortec25-1536x687.jpg 1536w, https:\/\/www.imprefil.com\/es\/wp-content\/uploads\/2025\/06\/Stand-Motortec25.jpg 1814w\" sizes=\"auto, (max-width: 1024px) 100vw, 1024px\" \/><\/figure>\n\n\n\n<p>En el \u00e1rea de<strong>\u00a0filtraci\u00f3n<\/strong>, la atenci\u00f3n se centr\u00f3 en la innovadora gama\u00a0<strong>MULTITUBE de SOFIMA\/UFI<\/strong>, una aut\u00e9ntica revoluci\u00f3n en la filtraci\u00f3n de aire para motores di\u00e9sel y gasolina. Gracias a su dise\u00f1o modular y rendimiento optimizado, esta tecnolog\u00eda marca un nuevo est\u00e1ndar para el mercado de recambios. Imprefil, como distribuidor oficial, refuerza as\u00ed su posici\u00f3n en un segmento cada vez m\u00e1s exigente.\u00a0<\/p>\n\n\n\n<figure class=\"wp-block-image size-full\"><img loading=\"lazy\" decoding=\"async\" width=\"700\" height=\"750\" src=\"https:\/\/www.imprefil.com\/es\/wp-content\/uploads\/2025\/06\/GFTfiltros.jpg\" alt=\"\" class=\"wp-image-5771\" srcset=\"https:\/\/www.imprefil.com\/es\/wp-content\/uploads\/2025\/06\/GFTfiltros.jpg 700w, https:\/\/www.imprefil.com\/es\/wp-content\/uploads\/2025\/06\/GFTfiltros-280x300.jpg 280w\" sizes=\"auto, (max-width: 700px) 100vw, 700px\" \/><\/figure>\n\n\n\n<p>Respecto al \u00e1rea<strong>&nbsp;t\u00e9rmica<\/strong>, Imprefil remarc\u00f3 durante la feria su cat\u00e1logo de m\u00e1s de 8.000 referencias para veh\u00edculos turismo, con disponibilidad en menos de 24 horas en todo el territorio nacional. En el \u00e1mbito industrial, la compa\u00f1\u00eda reafirma su papel como distribuidor para Espa\u00f1a y Portugal de&nbsp;<strong>GM RADIATOR<\/strong>, con cerca de 2.000 referencias totalmente intercambiables con los principales fabricantes del mercado:&nbsp;<strong>Caterpillar, JCB, Komatsu, Volvo, Hitachi, Doosan,<\/strong>&nbsp;entre otros m\u00e1s. Esta capacidad de respuesta es clave para reducir tiempos de parada y mejorar la rentabilidad de los operadores.&nbsp;<\/p>\n\n\n\n<p>Por su parte, la l\u00ednea de&nbsp;<strong>sistemas de escape, catalizadores y filtros de part\u00edculas<\/strong>&nbsp;contin\u00faa su proceso de ampliaci\u00f3n. Destaca la alianza con<strong>&nbsp;BM CATALYSTS<\/strong>, que ha permitido introducir novedades como los&nbsp;<strong>GPF<\/strong>&nbsp;(filtros de part\u00edculas para gasolina), los monolitos para GPF y los avanzados&nbsp;<strong>SDPF<\/strong>&nbsp;(filtros de part\u00edculas di\u00e9sel con impregnaci\u00f3n SCR) para motores&nbsp;<strong>EURO 6<\/strong>. A ello se suma el lanzamiento de una nueva gama de&nbsp;<strong>DPF para cami\u00f3n<\/strong>, que se comercializa junto con juegos de juntas y arandelas espec\u00edficas.&nbsp;<\/p>\n\n\n\n<figure class=\"wp-block-gallery has-nested-images columns-default is-cropped wp-block-gallery-1 is-layout-flex wp-block-gallery-is-layout-flex\">\n<figure class=\"wp-block-image size-large\"><img loading=\"lazy\" decoding=\"async\" width=\"497\" height=\"516\" data-id=\"5772\" src=\"https:\/\/www.imprefil.com\/es\/wp-content\/uploads\/2025\/06\/catalizador1.jpg\" alt=\"\" class=\"wp-image-5772\" srcset=\"https:\/\/www.imprefil.com\/es\/wp-content\/uploads\/2025\/06\/catalizador1.jpg 497w, https:\/\/www.imprefil.com\/es\/wp-content\/uploads\/2025\/06\/catalizador1-289x300.jpg 289w\" sizes=\"auto, (max-width: 497px) 100vw, 497px\" \/><\/figure>\n\n\n\n<figure class=\"wp-block-image size-large\"><img loading=\"lazy\" decoding=\"async\" width=\"388\" height=\"295\" data-id=\"5774\" src=\"https:\/\/www.imprefil.com\/es\/wp-content\/uploads\/2025\/06\/catalizador2.jpg\" alt=\"\" class=\"wp-image-5774\" srcset=\"https:\/\/www.imprefil.com\/es\/wp-content\/uploads\/2025\/06\/catalizador2.jpg 388w, https:\/\/www.imprefil.com\/es\/wp-content\/uploads\/2025\/06\/catalizador2-300x228.jpg 300w\" sizes=\"auto, (max-width: 388px) 100vw, 388px\" \/><\/figure>\n\n\n\n<figure class=\"wp-block-image size-large\"><img loading=\"lazy\" decoding=\"async\" width=\"600\" height=\"600\" data-id=\"5773\" src=\"https:\/\/www.imprefil.com\/es\/wp-content\/uploads\/2025\/06\/escapes25.jpg\" alt=\"\" class=\"wp-image-5773\" srcset=\"https:\/\/www.imprefil.com\/es\/wp-content\/uploads\/2025\/06\/escapes25.jpg 600w, https:\/\/www.imprefil.com\/es\/wp-content\/uploads\/2025\/06\/escapes25-300x300.jpg 300w, https:\/\/www.imprefil.com\/es\/wp-content\/uploads\/2025\/06\/escapes25-150x150.jpg 150w, https:\/\/www.imprefil.com\/es\/wp-content\/uploads\/2025\/06\/escapes25-293x293.jpg 293w, https:\/\/www.imprefil.com\/es\/wp-content\/uploads\/2025\/06\/escapes25-111x111.jpg 111w\" sizes=\"auto, (max-width: 600px) 100vw, 600px\" \/><\/figure>\n<\/figure>\n\n\n\n<p>Estas novedades no solo consolidan a Imprefil como proveedor t\u00e9cnico de referencia, sino que refuerzan su compromiso con la mejora constante del servicio y la actualizaci\u00f3n continua de su cat\u00e1logo para responder a los desaf\u00edos tecnol\u00f3gicos del sector.&nbsp;<\/p>\n\n\n\n<p>Desde Imprefil, comentan que: \u201c<strong>Motortec&nbsp;<\/strong>nos ha permitido reconectar con clientes y confirmar que nuestra propuesta responde a lo que el sector exige: experiencia, innovaci\u00f3n, amplitud de gama y servicio. En Imprefil seguimos avanzando para ofrecer m\u00e1s soluciones, en menos tiempo y con la m\u00e1xima eficiencia\u201d.&nbsp;<\/p>\n\n\n\n<p>Una hoja de ruta que consolida a Imprefil como socio t\u00e9cnico y log\u00edstico de referencia en la posventa de automoci\u00f3n, maquinaria y equipos industriales.&nbsp;<\/p>\n\n\n\n<p><a href=\"https:\/\/www.imprefil.com\/es\/NotasDePrensa\/NP172\/NdPImp172.html\" target=\"_blank\" rel=\"noopener ugc\" title=\"https:\/\/www.imprefil.com\/es\/NotasDePrensa\/NP172\/NdPImp172.html\">Ver Nota de prensa<\/a>\u00a0::\u00a0<a href=\"http:\/\/www.imprefil.com\/es\/catalogo\/\" title=\"https:\/\/www.imprefil.com\/es\/catalogo\/\">Cat\u00e1logo<\/a><\/p>\n\n\n\n<p><strong>S\u00edguenos en:<\/strong> <a href=\"https:\/\/www.linkedin.com\/company\/imprefil-distribuciones-s-a-\/posts\/?feedView=all\" title=\"\">LindedIN<\/a> :: <a href=\"https:\/\/www.instagram.com\/imprefildistribuciones\/\" title=\"\">Intagram<\/a> :: <a href=\"https:\/\/www.facebook.com\/profile.php?id=61570920622316\" title=\"\">Facebook<\/a><\/p>\n\n\n\n<p><\/p>\n","protected":false},"excerpt":{"rendered":"<p>M\u00e1s all\u00e1 del evento, los encuentros mantenidos con profesionales del sector durante y despu\u00e9s de la feria han confirmado el acierto de las apuestas estrat\u00e9gicas de Imprefil en sus tres l\u00edneas clave: filtraci\u00f3n, t\u00e9rmico y sistemas de escape. S\u00edguenos en las RRSS: Tras m\u00e1s de 30 d\u00edas desde su participaci\u00f3n en Motortec, Imprefil contin\u00faa recogiendo [&hellip;]<\/p>\n","protected":false},"author":2,"featured_media":5775,"comment_status":"closed","ping_status":"closed","sticky":false,"template":"","format":"standard","meta":{"footnotes":""},"categories":[29],"tags":[],"class_list":["post-5769","post","type-post","status-publish","format-standard","has-post-thumbnail","hentry","category-noticias","latest_post"],"aioseo_notices":[],"_links":{"self":[{"href":"https:\/\/www.imprefil.com\/es\/wp-json\/wp\/v2\/posts\/5769","targetHints":{"allow":["GET"]}}],"collection":[{"href":"https:\/\/www.imprefil.com\/es\/wp-json\/wp\/v2\/posts"}],"about":[{"href":"https:\/\/www.imprefil.com\/es\/wp-json\/wp\/v2\/types\/post"}],"author":[{"embeddable":true,"href":"https:\/\/www.imprefil.com\/es\/wp-json\/wp\/v2\/users\/2"}],"replies":[{"embeddable":true,"href":"https:\/\/www.imprefil.com\/es\/wp-json\/wp\/v2\/comments?post=5769"}],"version-history":[{"count":1,"href":"https:\/\/www.imprefil.com\/es\/wp-json\/wp\/v2\/posts\/5769\/revisions"}],"predecessor-version":[{"id":5776,"href":"https:\/\/www.imprefil.com\/es\/wp-json\/wp\/v2\/posts\/5769\/revisions\/5776"}],"wp:featuredmedia":[{"embeddable":true,"href":"https:\/\/www.imprefil.com\/es\/wp-json\/wp\/v2\/media\/5775"}],"wp:attachment":[{"href":"https:\/\/www.imprefil.com\/es\/wp-json\/wp\/v2\/media?parent=5769"}],"wp:term":[{"taxonomy":"category","embeddable":true,"href":"https:\/\/www.imprefil.com\/es\/wp-json\/wp\/v2\/categories?post=5769"},{"taxonomy":"post_tag","embeddable":true,"href":"https:\/\/www.imprefil.com\/es\/wp-json\/wp\/v2\/tags?post=5769"}],"curies":[{"name":"wp","href":"https:\/\/api.w.org\/{rel}","templated":true}]}}