{"id":5593,"date":"2025-03-06T12:03:26","date_gmt":"2025-03-06T11:03:26","guid":{"rendered":"https:\/\/www.imprefil.com\/es\/?p=5593"},"modified":"2025-03-05T18:09:08","modified_gmt":"2025-03-05T17:09:08","slug":"imprefil-anuncia-su-participacion-en-motortec-2025","status":"publish","type":"post","link":"https:\/\/www.imprefil.com\/es\/imprefil-anuncia-su-participacion-en-motortec-2025\/","title":{"rendered":"Imprefil anuncia su participaci\u00f3n en Motortec 2025"},"content":{"rendered":"\n<p class=\"has-black-color has-text-color has-link-color wp-elements-cf991a4288d2175e2150ff4bc1e1027c\"><strong><strong><strong><strong><strong><strong>Un a\u00f1o m\u00e1s, Imprefil confirma su presencia en Motortec, la feria de referencia para el sector de la automoci\u00f3n en Espa\u00f1a.<\/strong><\/strong><\/strong><\/strong><\/strong><\/strong><\/p>\n\n\n\n<p><strong><em>S\u00edguenos en las RRSS:<\/em><\/strong> <\/p>\n\n\n\n<ul class=\"wp-block-social-links is-layout-flex wp-block-social-links-is-layout-flex\"><li class=\"wp-social-link wp-social-link-linkedin  wp-block-social-link\"><a href=\"https:\/\/www.linkedin.com\/company\/imprefil-distribuciones-s-a-\/posts\/?feedView=all\" class=\"wp-block-social-link-anchor\"><svg width=\"24\" height=\"24\" viewBox=\"0 0 24 24\" version=\"1.1\" xmlns=\"http:\/\/www.w3.org\/2000\/svg\" aria-hidden=\"true\" focusable=\"false\"><path d=\"M19.7,3H4.3C3.582,3,3,3.582,3,4.3v15.4C3,20.418,3.582,21,4.3,21h15.4c0.718,0,1.3-0.582,1.3-1.3V4.3 C21,3.582,20.418,3,19.7,3z M8.339,18.338H5.667v-8.59h2.672V18.338z M7.004,8.574c-0.857,0-1.549-0.694-1.549-1.548 c0-0.855,0.691-1.548,1.549-1.548c0.854,0,1.547,0.694,1.547,1.548C8.551,7.881,7.858,8.574,7.004,8.574z M18.339,18.338h-2.669 v-4.177c0-0.996-0.017-2.278-1.387-2.278c-1.389,0-1.601,1.086-1.601,2.206v4.249h-2.667v-8.59h2.559v1.174h0.037 c0.356-0.675,1.227-1.387,2.526-1.387c2.703,0,3.203,1.779,3.203,4.092V18.338z\"><\/path><\/svg><span class=\"wp-block-social-link-label screen-reader-text\">LinkedIn<\/span><\/a><\/li><\/ul>\n\n\n\n<p>Nos encontrar\u00e1s en el&nbsp;<strong>Pabell\u00f3n 5 \u2013 Calle B \u2013 Stand 05B04<\/strong>, donde presentaremos nuestras \u00faltimas novedades en filtraci\u00f3n, refrigeraci\u00f3n y climatizaci\u00f3n, adem\u00e1s de una innovadora gama de catalizadores y filtros DPF.&nbsp;<\/p>\n\n\n\n<figure class=\"wp-block-image size-large\"><img loading=\"lazy\" decoding=\"async\" width=\"1024\" height=\"683\" src=\"https:\/\/www.imprefil.com\/es\/wp-content\/uploads\/2025\/03\/redes-sociales-motortec-1024x683.jpg\" alt=\"\" class=\"wp-image-5594\" srcset=\"https:\/\/www.imprefil.com\/es\/wp-content\/uploads\/2025\/03\/redes-sociales-motortec-1024x683.jpg 1024w, https:\/\/www.imprefil.com\/es\/wp-content\/uploads\/2025\/03\/redes-sociales-motortec-300x200.jpg 300w, https:\/\/www.imprefil.com\/es\/wp-content\/uploads\/2025\/03\/redes-sociales-motortec-768x512.jpg 768w, https:\/\/www.imprefil.com\/es\/wp-content\/uploads\/2025\/03\/redes-sociales-motortec.jpg 1200w\" sizes=\"auto, (max-width: 1024px) 100vw, 1024px\" \/><\/figure>\n\n\n\n<p>La presencia de Imprefil en Motortec es ya una tradici\u00f3n. Desde la primera edici\u00f3n, ha estado comprometida con este evento clave del sector, lo que le vali\u00f3 en 2019 el reconocimiento Toda una Vida en Motortec, otorgado a las 25 empresas con una trayectoria destacada y fiel a todas las ediciones en la feria.&nbsp;<\/p>\n\n\n\n<p><strong>Novedades destacadas para 2025&nbsp;<\/strong><\/p>\n\n\n\n<p>Este a\u00f1o, la participaci\u00f3n de Imprefil se centrar\u00e1 en:<\/p>\n\n\n\n<ul class=\"wp-block-list\">\n<li>Filtraci\u00f3n: Presentaci\u00f3n de las \u00faltimas incorporaciones en colaboraci\u00f3n con marcas l\u00edderes como VIRGIS, GFT y UFI.<\/li>\n\n\n\n<li>Refrigeraci\u00f3n y Climatizaci\u00f3n: Una de las gamas m\u00e1s completas del mercado, con m\u00e1s de 5.000 referencias en stock y 8.000 en cat\u00e1logo.<\/li>\n\n\n\n<li>Catalizadores y Filtros DPF: Presentaci\u00f3n de nuevos productos que refuerzan nuestro compromiso con la eficiencia y la sostenibilidad en el sector.<\/li>\n<\/ul>\n\n\n\n<p>Motortec 2025 en Madrid, durante los d\u00edas 23-26 de abril de 2025, ser\u00e1 la ocasi\u00f3n perfecta para conocer de primera mano nuestras soluciones y para reafirmar nuestro compromiso con la calidad y la innovaci\u00f3n. Invitamos a todos los profesionales del sector a visitar nuestro stand y descubrir por qu\u00e9 seguimos siendo un referente en la distribuci\u00f3n de recambios.&nbsp;<\/p>\n\n\n\n<p><strong>\u00a1Nos vemos en Motortec! y en nuestro stand del Pabell\u00f3n 5, calle B, stand 04<\/strong><\/p>\n\n\n\n<p><a href=\"https:\/\/www.imprefil.com\/es\/NotasDePrensa\/NP167\/NdPImp167.html\" target=\"_blank\" rel=\"noopener\" title=\"https:\/\/www.imprefil.com\/es\/NotasDePrensa\/NP167\/NdPImp167.html\">Ver Nota de prensa<\/a>&nbsp;::&nbsp;<a href=\"http:\/\/www.imprefil.com\/es\/catalogo\/\" title=\"https:\/\/www.imprefil.com\/es\/catalogo\/\">Cat\u00e1logo<\/a><\/p>\n\n\n\n<p><\/p>\n","protected":false},"excerpt":{"rendered":"<p>Un a\u00f1o m\u00e1s, Imprefil confirma su presencia en Motortec, la feria de referencia para el sector de la automoci\u00f3n en Espa\u00f1a. S\u00edguenos en las RRSS: Nos encontrar\u00e1s en el&nbsp;Pabell\u00f3n 5 \u2013 Calle B \u2013 Stand 05B04, donde presentaremos nuestras \u00faltimas novedades en filtraci\u00f3n, refrigeraci\u00f3n y climatizaci\u00f3n, adem\u00e1s de una innovadora gama de catalizadores y filtros [&hellip;]<\/p>\n","protected":false},"author":2,"featured_media":5595,"comment_status":"closed","ping_status":"closed","sticky":false,"template":"","format":"standard","meta":{"footnotes":""},"categories":[29],"tags":[],"class_list":["post-5593","post","type-post","status-publish","format-standard","has-post-thumbnail","hentry","category-noticias","latest_post"],"aioseo_notices":[],"_links":{"self":[{"href":"https:\/\/www.imprefil.com\/es\/wp-json\/wp\/v2\/posts\/5593","targetHints":{"allow":["GET"]}}],"collection":[{"href":"https:\/\/www.imprefil.com\/es\/wp-json\/wp\/v2\/posts"}],"about":[{"href":"https:\/\/www.imprefil.com\/es\/wp-json\/wp\/v2\/types\/post"}],"author":[{"embeddable":true,"href":"https:\/\/www.imprefil.com\/es\/wp-json\/wp\/v2\/users\/2"}],"replies":[{"embeddable":true,"href":"https:\/\/www.imprefil.com\/es\/wp-json\/wp\/v2\/comments?post=5593"}],"version-history":[{"count":3,"href":"https:\/\/www.imprefil.com\/es\/wp-json\/wp\/v2\/posts\/5593\/revisions"}],"predecessor-version":[{"id":5600,"href":"https:\/\/www.imprefil.com\/es\/wp-json\/wp\/v2\/posts\/5593\/revisions\/5600"}],"wp:featuredmedia":[{"embeddable":true,"href":"https:\/\/www.imprefil.com\/es\/wp-json\/wp\/v2\/media\/5595"}],"wp:attachment":[{"href":"https:\/\/www.imprefil.com\/es\/wp-json\/wp\/v2\/media?parent=5593"}],"wp:term":[{"taxonomy":"category","embeddable":true,"href":"https:\/\/www.imprefil.com\/es\/wp-json\/wp\/v2\/categories?post=5593"},{"taxonomy":"post_tag","embeddable":true,"href":"https:\/\/www.imprefil.com\/es\/wp-json\/wp\/v2\/tags?post=5593"}],"curies":[{"name":"wp","href":"https:\/\/api.w.org\/{rel}","templated":true}]}}