{"id":5464,"date":"2025-01-23T19:14:40","date_gmt":"2025-01-23T18:14:40","guid":{"rendered":"https:\/\/www.imprefil.com\/es\/?p=5464"},"modified":"2025-01-23T19:20:35","modified_gmt":"2025-01-23T18:20:35","slug":"imprefil-impulsa-su-transformacion-digital","status":"publish","type":"post","link":"https:\/\/www.imprefil.com\/es\/imprefil-impulsa-su-transformacion-digital\/","title":{"rendered":"Imprefil impulsa su transformaci\u00f3n digital"},"content":{"rendered":"\n<p class=\"has-black-color has-text-color has-link-color wp-elements-ca8ba8869e5d188c7acbd8f4f8a7e624\"><strong><strong><strong><strong>Imprefil avanza en su proceso de transformaci\u00f3n digital para mejorar la competitividad y eficiencia.<\/strong><\/strong><\/strong><\/strong><\/p>\n\n\n\n<p><strong><em>S\u00edguenos en las RRSS:<\/em><\/strong> <\/p>\n\n\n\n<ul class=\"wp-block-social-links is-layout-flex wp-block-social-links-is-layout-flex\"><li class=\"wp-social-link wp-social-link-linkedin  wp-block-social-link\"><a href=\"https:\/\/www.linkedin.com\/company\/imprefil-distribuciones-s-a-\/posts\/?feedView=all\" class=\"wp-block-social-link-anchor\"><svg width=\"24\" height=\"24\" viewBox=\"0 0 24 24\" version=\"1.1\" xmlns=\"http:\/\/www.w3.org\/2000\/svg\" aria-hidden=\"true\" focusable=\"false\"><path d=\"M19.7,3H4.3C3.582,3,3,3.582,3,4.3v15.4C3,20.418,3.582,21,4.3,21h15.4c0.718,0,1.3-0.582,1.3-1.3V4.3 C21,3.582,20.418,3,19.7,3z M8.339,18.338H5.667v-8.59h2.672V18.338z M7.004,8.574c-0.857,0-1.549-0.694-1.549-1.548 c0-0.855,0.691-1.548,1.549-1.548c0.854,0,1.547,0.694,1.547,1.548C8.551,7.881,7.858,8.574,7.004,8.574z M18.339,18.338h-2.669 v-4.177c0-0.996-0.017-2.278-1.387-2.278c-1.389,0-1.601,1.086-1.601,2.206v4.249h-2.667v-8.59h2.559v1.174h0.037 c0.356-0.675,1.227-1.387,2.526-1.387c2.703,0,3.203,1.779,3.203,4.092V18.338z\"><\/path><\/svg><span class=\"wp-block-social-link-label screen-reader-text\">LinkedIn<\/span><\/a><\/li><\/ul>\n\n\n\n<p>La digitalizaci\u00f3n se ha consolidado como un paso esencial para las empresas que buscan mejorar su competitividad y optimizar sus procesos operativos. En este contexto, Imprefil, empresa l\u00edder en el sector de la distribuci\u00f3n de piezas de recambio especializada en t\u00e9rmico, filtraci\u00f3n y escapes, sigue avanzando en su proceso de transformaci\u00f3n digital con el objetivo de impulsar su eficiencia interna y adaptarse a las exigencias del mercado actual.&nbsp;<\/p>\n\n\n<div class=\"wp-block-image\">\n<figure class=\"aligncenter size-full\"><img loading=\"lazy\" decoding=\"async\" width=\"700\" height=\"394\" src=\"https:\/\/www.imprefil.com\/es\/wp-content\/uploads\/2025\/01\/almacen_imprefil_700.jpg\" alt=\"\" class=\"wp-image-5465\" srcset=\"https:\/\/www.imprefil.com\/es\/wp-content\/uploads\/2025\/01\/almacen_imprefil_700.jpg 700w, https:\/\/www.imprefil.com\/es\/wp-content\/uploads\/2025\/01\/almacen_imprefil_700-300x169.jpg 300w\" sizes=\"auto, (max-width: 700px) 100vw, 700px\" \/><\/figure>\n<\/div>\n\n\n<p><\/p>\n\n\n\n<p>El proceso de digitalizaci\u00f3n de Imprefil se basa en un\u00a0<strong>enfoque integral<\/strong>\u00a0que abarca tanto la implementaci\u00f3n de nuevas tecnolog\u00edas como la mejora de los procesos internos. Este esfuerzo tiene como objetivo no solo mejorar la eficiencia operativa, sino tambi\u00e9n fortalecer la capacidad de la empresa para afrontar los desaf\u00edos del sector, como la gesti\u00f3n de grandes vol\u00famenes de datos y la necesidad de una mayor flexibilidad en la toma de decisiones.\u00a0<\/p>\n\n\n\n<p>Con el&nbsp;<strong>asesoramiento 360\u00ba en digitalizaci\u00f3n,<\/strong>&nbsp;Imprefil ha comenzado a incorporar herramientas tecnol\u00f3gicas avanzadas en todos los niveles de su operaci\u00f3n. Desde la automatizaci\u00f3n de procesos hasta la integraci\u00f3n de plataformas de gesti\u00f3n empresarial m\u00e1s \u00e1giles, la compa\u00f1\u00eda busca lograr una optimizaci\u00f3n significativa de sus recursos y tiempos. Este proceso de digitalizaci\u00f3n permitir\u00e1 a Imprefil ofrecer un servicio m\u00e1s r\u00e1pido y eficiente, mejorando la experiencia de sus clientes y fortaleciendo su presencia en el mercado.&nbsp;<\/p>\n\n\n<div class=\"wp-block-image\">\n<figure class=\"aligncenter size-full\"><img loading=\"lazy\" decoding=\"async\" width=\"700\" height=\"467\" src=\"https:\/\/www.imprefil.com\/es\/wp-content\/uploads\/2025\/01\/tecla_imprefil_700.jpg\" alt=\"\" class=\"wp-image-5466\" srcset=\"https:\/\/www.imprefil.com\/es\/wp-content\/uploads\/2025\/01\/tecla_imprefil_700.jpg 700w, https:\/\/www.imprefil.com\/es\/wp-content\/uploads\/2025\/01\/tecla_imprefil_700-300x200.jpg 300w\" sizes=\"auto, (max-width: 700px) 100vw, 700px\" \/><\/figure>\n<\/div>\n\n\n<p><\/p>\n\n\n\n<p>Uno de los pilares de este proceso es la\u00a0<strong>ciberseguridad<\/strong>. En un entorno digital cada vez m\u00e1s complejo y vulnerable a ciberataques, Imprefil ha implementado medidas avanzadas de protecci\u00f3n de datos e infraestructura tecnol\u00f3gica. La empresa ha reforzado su seguridad cibern\u00e9tica para garantizar la protecci\u00f3n de la informaci\u00f3n y la continuidad de sus operaciones, asegurando que tanto sus sistemas como los datos sensibles de sus clientes est\u00e9n siempre a salvo de posibles amenazas.\u00a0<\/p>\n\n\n\n<p>La transformaci\u00f3n digital de Imprefil es un paso clave para seguir siendo competitivos en un mercado en constante evoluci\u00f3n. La compa\u00f1\u00eda est\u00e1 comprometida con el futuro, apostando por la tecnolog\u00eda como motor de cambio y como herramienta esencial para mejorar sus procesos internos, mantener la calidad del servicio y optimizar sus capacidades de gesti\u00f3n.&nbsp;<\/p>\n\n\n\n<p>El proceso de digitalizaci\u00f3n de Imprefil se enmarca dentro de un&nbsp;<strong>plan estrat\u00e9gico de innovaci\u00f3n<\/strong>&nbsp;que contempla, adem\u00e1s de la adopci\u00f3n de nuevas tecnolog\u00edas, la capacitaci\u00f3n continua de su equipo humano, con el objetivo de garantizar que todos los miembros de la organizaci\u00f3n puedan adaptarse con \u00e9xito a los nuevos entornos digitales.&nbsp;<\/p>\n\n\n<div class=\"wp-block-image\">\n<figure class=\"aligncenter size-full\"><img loading=\"lazy\" decoding=\"async\" width=\"700\" height=\"479\" src=\"https:\/\/www.imprefil.com\/es\/wp-content\/uploads\/2025\/01\/usuario_imprefil_700.jpg\" alt=\"\" class=\"wp-image-5467\" srcset=\"https:\/\/www.imprefil.com\/es\/wp-content\/uploads\/2025\/01\/usuario_imprefil_700.jpg 700w, https:\/\/www.imprefil.com\/es\/wp-content\/uploads\/2025\/01\/usuario_imprefil_700-300x205.jpg 300w\" sizes=\"auto, (max-width: 700px) 100vw, 700px\" \/><\/figure>\n<\/div>\n\n\n<p><\/p>\n\n\n\n<p><strong>Con esta transformaci\u00f3n, Imprefil se posiciona como un referente en el sector, avanzando hacia un futuro m\u00e1s eficiente, seguro y tecnol\u00f3gicamente avanzado.<\/strong><\/p>\n\n\n\n<p><a href=\"https:\/\/www.imprefil.com\/es\/NotasDePrensa\/NP165\/NdPImp165.html\" target=\"_blank\" rel=\"noopener\" title=\"https:\/\/www.imprefil.com\/es\/NotasDePrensa\/NP165\/NdPImp165.html\">Ver Nota de prensa<\/a>\u00a0::\u00a0<a href=\"http:\/\/www.imprefil.com\/es\/catalogo\/\" title=\"https:\/\/www.imprefil.com\/es\/catalogo\/\">Cat\u00e1logo<\/a><\/p>\n","protected":false},"excerpt":{"rendered":"<p>Imprefil avanza en su proceso de transformaci\u00f3n digital para mejorar la competitividad y eficiencia. S\u00edguenos en las RRSS: La digitalizaci\u00f3n se ha consolidado como un paso esencial para las empresas que buscan mejorar su competitividad y optimizar sus procesos operativos. En este contexto, Imprefil, empresa l\u00edder en el sector de la distribuci\u00f3n de piezas de [&hellip;]<\/p>\n","protected":false},"author":2,"featured_media":5468,"comment_status":"closed","ping_status":"closed","sticky":false,"template":"","format":"standard","meta":{"footnotes":""},"categories":[29],"tags":[],"class_list":["post-5464","post","type-post","status-publish","format-standard","has-post-thumbnail","hentry","category-noticias","latest_post"],"aioseo_notices":[],"_links":{"self":[{"href":"https:\/\/www.imprefil.com\/es\/wp-json\/wp\/v2\/posts\/5464","targetHints":{"allow":["GET"]}}],"collection":[{"href":"https:\/\/www.imprefil.com\/es\/wp-json\/wp\/v2\/posts"}],"about":[{"href":"https:\/\/www.imprefil.com\/es\/wp-json\/wp\/v2\/types\/post"}],"author":[{"embeddable":true,"href":"https:\/\/www.imprefil.com\/es\/wp-json\/wp\/v2\/users\/2"}],"replies":[{"embeddable":true,"href":"https:\/\/www.imprefil.com\/es\/wp-json\/wp\/v2\/comments?post=5464"}],"version-history":[{"count":4,"href":"https:\/\/www.imprefil.com\/es\/wp-json\/wp\/v2\/posts\/5464\/revisions"}],"predecessor-version":[{"id":5473,"href":"https:\/\/www.imprefil.com\/es\/wp-json\/wp\/v2\/posts\/5464\/revisions\/5473"}],"wp:featuredmedia":[{"embeddable":true,"href":"https:\/\/www.imprefil.com\/es\/wp-json\/wp\/v2\/media\/5468"}],"wp:attachment":[{"href":"https:\/\/www.imprefil.com\/es\/wp-json\/wp\/v2\/media?parent=5464"}],"wp:term":[{"taxonomy":"category","embeddable":true,"href":"https:\/\/www.imprefil.com\/es\/wp-json\/wp\/v2\/categories?post=5464"},{"taxonomy":"post_tag","embeddable":true,"href":"https:\/\/www.imprefil.com\/es\/wp-json\/wp\/v2\/tags?post=5464"}],"curies":[{"name":"wp","href":"https:\/\/api.w.org\/{rel}","templated":true}]}}