{"id":5372,"date":"2024-12-23T10:30:13","date_gmt":"2024-12-23T09:30:13","guid":{"rendered":"https:\/\/www.imprefil.com\/es\/?p=5372"},"modified":"2024-12-23T10:01:04","modified_gmt":"2024-12-23T09:01:04","slug":"imprefil-amplia-su-oferta-en-refrigeracion-y-climatizacion-para-enero-de-2025","status":"publish","type":"post","link":"https:\/\/www.imprefil.com\/es\/imprefil-amplia-su-oferta-en-refrigeracion-y-climatizacion-para-enero-de-2025\/","title":{"rendered":"Imprefil ampl\u00eda su oferta en Refrigeraci\u00f3n y Climatizaci\u00f3n para enero de 2025"},"content":{"rendered":"\n<p class=\"has-black-color has-text-color has-link-color wp-elements-11569493025af11c3e89178cee08ac33\"><strong><strong>Con el objetivo de fortalecer su presencia en el sector de refrigeraci\u00f3n y climatizaci\u00f3n, IMPREFIL, en colaboraci\u00f3n con KOYORAD e IR PLUS, ampl\u00eda su almac\u00e9n para incorporar aproximadamente 500 nuevas referencias a su stock. Este significativo aumento en la oferta est\u00e1 programado para entrar en vigor a partir de enero de 2025, lo que representa una oportunidad clave tanto para distribuidores como para talleres del sector.&nbsp;<\/strong><\/strong><\/p>\n\n\n\n<p><strong><em>S\u00edguenos en las RRSS:<\/em><\/strong> <\/p>\n\n\n\n<ul class=\"wp-block-social-links is-layout-flex wp-block-social-links-is-layout-flex\"><li class=\"wp-social-link wp-social-link-linkedin  wp-block-social-link\"><a href=\"https:\/\/www.linkedin.com\/company\/imprefil-distribuciones-s-a-\/posts\/?feedView=all\" class=\"wp-block-social-link-anchor\"><svg width=\"24\" height=\"24\" viewBox=\"0 0 24 24\" version=\"1.1\" xmlns=\"http:\/\/www.w3.org\/2000\/svg\" aria-hidden=\"true\" focusable=\"false\"><path d=\"M19.7,3H4.3C3.582,3,3,3.582,3,4.3v15.4C3,20.418,3.582,21,4.3,21h15.4c0.718,0,1.3-0.582,1.3-1.3V4.3 C21,3.582,20.418,3,19.7,3z M8.339,18.338H5.667v-8.59h2.672V18.338z M7.004,8.574c-0.857,0-1.549-0.694-1.549-1.548 c0-0.855,0.691-1.548,1.549-1.548c0.854,0,1.547,0.694,1.547,1.548C8.551,7.881,7.858,8.574,7.004,8.574z M18.339,18.338h-2.669 v-4.177c0-0.996-0.017-2.278-1.387-2.278c-1.389,0-1.601,1.086-1.601,2.206v4.249h-2.667v-8.59h2.559v1.174h0.037 c0.356-0.675,1.227-1.387,2.526-1.387c2.703,0,3.203,1.779,3.203,4.092V18.338z\"><\/path><\/svg><span class=\"wp-block-social-link-label screen-reader-text\">LinkedIn<\/span><\/a><\/li><\/ul>\n\n\n\n<p>Las nuevas referencias abarcar\u00e1n una variedad de componentes esenciales, incluidos radiadores de motor, condensadores e intercoolers. Estos productos son fundamentales para el correcto funcionamiento de los sistemas de refrigeraci\u00f3n en veh\u00edculos, garantizando un rendimiento \u00f3ptimo y prolongando de la vida \u00fatil de los motores. La incorporaci\u00f3n de estos art\u00edculos no solo diversificar\u00e1 la oferta de&nbsp;<strong>IMPREFIL<\/strong>, sino que tambi\u00e9n permitir\u00e1 a los clientes acceder a soluciones m\u00e1s completas y eficientes.&nbsp;&nbsp;<\/p>\n\n\n<div class=\"wp-block-image\">\n<figure class=\"aligncenter size-full\"><img loading=\"lazy\" decoding=\"async\" width=\"700\" height=\"479\" src=\"https:\/\/www.imprefil.com\/es\/wp-content\/uploads\/2024\/12\/mecanicoMD.jpg\" alt=\"\" class=\"wp-image-5373\" srcset=\"https:\/\/www.imprefil.com\/es\/wp-content\/uploads\/2024\/12\/mecanicoMD.jpg 700w, https:\/\/www.imprefil.com\/es\/wp-content\/uploads\/2024\/12\/mecanicoMD-300x205.jpg 300w\" sizes=\"auto, (max-width: 700px) 100vw, 700px\" \/><\/figure>\n<\/div>\n\n\n<p>La colaboraci\u00f3n con&nbsp;<strong>KOYORAD<\/strong>, reconocido por su calidad y tecnolog\u00eda en la fabricaci\u00f3n de componentes de refrigeraci\u00f3n, y de&nbsp;<strong>IR PLUS<\/strong>, especialista en soluciones aftermarket, asegura que los nuevos productos cumplen con los m\u00e1s altos est\u00e1ndares de calidad y rendimiento. Esto es especialmente importante en un mercado cada vez m\u00e1s competitivo, donde la satisfacci\u00f3n del cliente depende en gran medida de la disponibilidad y fiabilidad de estos repuestos.&nbsp;<\/p>\n\n\n\n<p>Adem\u00e1s, esta expansi\u00f3n en el cat\u00e1logo de IMPREFIL responde a la creciente demanda del sector, donde se espera un aumento en la actividad del mercado debido a la renovaci\u00f3n de flotas y a la necesidad de mantenimiento de veh\u00edculos. La estrategia de ampliaci\u00f3n de stock permitir\u00e1 a IMPREFIL fortalecer su posici\u00f3n como proveedor l\u00edder, ofreciendo a sus clientes una gama m\u00e1s amplia de productos para satisfacer sus necesidades.&nbsp;<\/p>\n\n\n\n<p><strong>Los nuevos modelos abarcan veh\u00edculos europeos y asi\u00e1ticos fabricados entre 2015 y 2022, garantizando su compatibilidad y calidad en refrigeraci\u00f3n y climatizaci\u00f3n.&nbsp;<\/strong><\/p>\n\n\n\n<p>La incorporaci\u00f3n al cat\u00e1logo de Imprefil de estos nuevos productos ampl\u00eda su cat\u00e1logo de t\u00e9rmico para aftermarket alcanzando m\u00e1s de 8,000 referencias disponibles. Esta expansi\u00f3n asegura a los clientes la m\u00e1s alta calidad y un servicio garantizado, consolidando la oferta y respondiendo a la creciente demanda del sector con soluciones eficientes a la medida de los clientes.&nbsp;<\/p>\n\n\n\n<figure class=\"wp-block-gallery has-nested-images columns-4 is-cropped wp-block-gallery-1 is-layout-flex wp-block-gallery-is-layout-flex\">\n<figure class=\"wp-block-image size-thumbnail\"><img loading=\"lazy\" decoding=\"async\" width=\"150\" height=\"150\" data-id=\"5377\" src=\"https:\/\/www.imprefil.com\/es\/wp-content\/uploads\/2024\/12\/IRplus-150x150.jpg\" alt=\"\" class=\"wp-image-5377\" srcset=\"https:\/\/www.imprefil.com\/es\/wp-content\/uploads\/2024\/12\/IRplus-150x150.jpg 150w, https:\/\/www.imprefil.com\/es\/wp-content\/uploads\/2024\/12\/IRplus-293x293.jpg 293w, https:\/\/www.imprefil.com\/es\/wp-content\/uploads\/2024\/12\/IRplus-111x111.jpg 111w\" sizes=\"auto, (max-width: 150px) 100vw, 150px\" \/><\/figure>\n\n\n\n<figure class=\"wp-block-image size-large\"><img loading=\"lazy\" decoding=\"async\" width=\"650\" height=\"481\" data-id=\"5376\" src=\"https:\/\/www.imprefil.com\/es\/wp-content\/uploads\/2024\/12\/IRplus2.jpg\" alt=\"\" class=\"wp-image-5376\" srcset=\"https:\/\/www.imprefil.com\/es\/wp-content\/uploads\/2024\/12\/IRplus2.jpg 650w, https:\/\/www.imprefil.com\/es\/wp-content\/uploads\/2024\/12\/IRplus2-300x222.jpg 300w\" sizes=\"auto, (max-width: 650px) 100vw, 650px\" \/><\/figure>\n\n\n\n<figure class=\"wp-block-image size-large\"><img loading=\"lazy\" decoding=\"async\" width=\"800\" height=\"705\" data-id=\"5375\" src=\"https:\/\/www.imprefil.com\/es\/wp-content\/uploads\/2024\/12\/KV032037R-View.jpg\" alt=\"\" class=\"wp-image-5375\" srcset=\"https:\/\/www.imprefil.com\/es\/wp-content\/uploads\/2024\/12\/KV032037R-View.jpg 800w, https:\/\/www.imprefil.com\/es\/wp-content\/uploads\/2024\/12\/KV032037R-View-300x264.jpg 300w, https:\/\/www.imprefil.com\/es\/wp-content\/uploads\/2024\/12\/KV032037R-View-768x677.jpg 768w, https:\/\/www.imprefil.com\/es\/wp-content\/uploads\/2024\/12\/KV032037R-View-80x70.jpg 80w\" sizes=\"auto, (max-width: 800px) 100vw, 800px\" \/><\/figure>\n\n\n\n<figure class=\"wp-block-image size-large\"><img loading=\"lazy\" decoding=\"async\" width=\"300\" height=\"309\" data-id=\"5374\" src=\"https:\/\/www.imprefil.com\/es\/wp-content\/uploads\/2024\/12\/Radiador2_300px.jpg\" alt=\"\" class=\"wp-image-5374\" srcset=\"https:\/\/www.imprefil.com\/es\/wp-content\/uploads\/2024\/12\/Radiador2_300px.jpg 300w, https:\/\/www.imprefil.com\/es\/wp-content\/uploads\/2024\/12\/Radiador2_300px-291x300.jpg 291w\" sizes=\"auto, (max-width: 300px) 100vw, 300px\" \/><\/figure>\n<\/figure>\n\n\n\n<p>Con esta iniciativa, IMPREFIL se posiciona no solo como un distribuidor, sino como un socio estrat\u00e9gico en producto t\u00e9rmico para el sector de la refrigeraci\u00f3n y climatizaci\u00f3n, comprometido con la innovaci\u00f3n y la mejora continua en sus servicios. Es un paso m\u00e1s en la cadena de valor de Imprefil hacia el futuro, donde calidad y disponibilidad son valores primordiales que identifican la marca Imprefil. &nbsp;<\/p>\n\n\n\n<p><a href=\"https:\/\/www.imprefil.com\/es\/NotasDePrensa\/NP163\/NdPImp163.html\" target=\"_blank\" rel=\"noopener\" title=\"https:\/\/www.imprefil.com\/es\/NotasDePrensa\/NP163\/NdPImp163.html\">Ver Nota de prensa<\/a>\u00a0::\u00a0<a href=\"http:\/\/www.imprefil.com\/es\/catalogo\/\" title=\"https:\/\/www.imprefil.com\/es\/catalogo\/\">Cat\u00e1logo<\/a><\/p>\n","protected":false},"excerpt":{"rendered":"<p>Con el objetivo de fortalecer su presencia en el sector de refrigeraci\u00f3n y climatizaci\u00f3n, IMPREFIL, en colaboraci\u00f3n con KOYORAD e IR PLUS, ampl\u00eda su almac\u00e9n para incorporar aproximadamente 500 nuevas referencias a su stock. Este significativo aumento en la oferta est\u00e1 programado para entrar en vigor a partir de enero de 2025, lo que representa [&hellip;]<\/p>\n","protected":false},"author":2,"featured_media":5377,"comment_status":"closed","ping_status":"closed","sticky":false,"template":"","format":"standard","meta":{"footnotes":""},"categories":[29],"tags":[],"class_list":["post-5372","post","type-post","status-publish","format-standard","has-post-thumbnail","hentry","category-noticias","latest_post"],"aioseo_notices":[],"_links":{"self":[{"href":"https:\/\/www.imprefil.com\/es\/wp-json\/wp\/v2\/posts\/5372","targetHints":{"allow":["GET"]}}],"collection":[{"href":"https:\/\/www.imprefil.com\/es\/wp-json\/wp\/v2\/posts"}],"about":[{"href":"https:\/\/www.imprefil.com\/es\/wp-json\/wp\/v2\/types\/post"}],"author":[{"embeddable":true,"href":"https:\/\/www.imprefil.com\/es\/wp-json\/wp\/v2\/users\/2"}],"replies":[{"embeddable":true,"href":"https:\/\/www.imprefil.com\/es\/wp-json\/wp\/v2\/comments?post=5372"}],"version-history":[{"count":2,"href":"https:\/\/www.imprefil.com\/es\/wp-json\/wp\/v2\/posts\/5372\/revisions"}],"predecessor-version":[{"id":5379,"href":"https:\/\/www.imprefil.com\/es\/wp-json\/wp\/v2\/posts\/5372\/revisions\/5379"}],"wp:featuredmedia":[{"embeddable":true,"href":"https:\/\/www.imprefil.com\/es\/wp-json\/wp\/v2\/media\/5377"}],"wp:attachment":[{"href":"https:\/\/www.imprefil.com\/es\/wp-json\/wp\/v2\/media?parent=5372"}],"wp:term":[{"taxonomy":"category","embeddable":true,"href":"https:\/\/www.imprefil.com\/es\/wp-json\/wp\/v2\/categories?post=5372"},{"taxonomy":"post_tag","embeddable":true,"href":"https:\/\/www.imprefil.com\/es\/wp-json\/wp\/v2\/tags?post=5372"}],"curies":[{"name":"wp","href":"https:\/\/api.w.org\/{rel}","templated":true}]}}