{"id":5367,"date":"2024-12-12T11:16:37","date_gmt":"2024-12-12T10:16:37","guid":{"rendered":"https:\/\/www.imprefil.com\/es\/?p=5367"},"modified":"2024-12-12T11:26:21","modified_gmt":"2024-12-12T10:26:21","slug":"estamos-de-celebracion-45-anos-de-experiencia-y-excelencia-en-imprefil","status":"publish","type":"post","link":"https:\/\/www.imprefil.com\/es\/estamos-de-celebracion-45-anos-de-experiencia-y-excelencia-en-imprefil\/","title":{"rendered":"Estamos de celebraci\u00f3n: 45 a\u00f1os de experiencia y excelencia en IMPREFIL"},"content":{"rendered":"\n<p class=\"has-black-color has-text-color has-link-color wp-elements-3b4af74b8280181109c47fdcb73b9185\"><strong>Este a\u00f1o, IMPREFIL celebra con orgullo 45 a\u00f1os de servicio en el sector, un hito que refleja nuestro compromiso inquebrantable con la calidad, la innovaci\u00f3n y la satisfacci\u00f3n del cliente.\u00a0<\/strong><\/p>\n\n\n\n<p><strong><em>S\u00edguenos en las RRSS:<\/em><\/strong> <\/p>\n\n\n\n<ul class=\"wp-block-social-links is-layout-flex wp-block-social-links-is-layout-flex\"><li class=\"wp-social-link wp-social-link-linkedin  wp-block-social-link\"><a href=\"https:\/\/www.linkedin.com\/company\/imprefil-distribuciones-s-a-\/posts\/?feedView=all\" class=\"wp-block-social-link-anchor\"><svg width=\"24\" height=\"24\" viewBox=\"0 0 24 24\" version=\"1.1\" xmlns=\"http:\/\/www.w3.org\/2000\/svg\" aria-hidden=\"true\" focusable=\"false\"><path d=\"M19.7,3H4.3C3.582,3,3,3.582,3,4.3v15.4C3,20.418,3.582,21,4.3,21h15.4c0.718,0,1.3-0.582,1.3-1.3V4.3 C21,3.582,20.418,3,19.7,3z M8.339,18.338H5.667v-8.59h2.672V18.338z M7.004,8.574c-0.857,0-1.549-0.694-1.549-1.548 c0-0.855,0.691-1.548,1.549-1.548c0.854,0,1.547,0.694,1.547,1.548C8.551,7.881,7.858,8.574,7.004,8.574z M18.339,18.338h-2.669 v-4.177c0-0.996-0.017-2.278-1.387-2.278c-1.389,0-1.601,1.086-1.601,2.206v4.249h-2.667v-8.59h2.559v1.174h0.037 c0.356-0.675,1.227-1.387,2.526-1.387c2.703,0,3.203,1.779,3.203,4.092V18.338z\"><\/path><\/svg><span class=\"wp-block-social-link-label screen-reader-text\">LinkedIn<\/span><\/a><\/li><\/ul>\n\n\n\n<p>Desde nuestros inicios, hemos trabajado incansablemente para ofrecer soluciones eficaces y productos de primer nivel, estableci\u00e9ndonos como un referente en la industria.&nbsp;<\/p>\n\n\n\n<p>La experiencia acumulada a lo largo de estos a\u00f1os nos ha permitido adaptarnos a las cambiantes demandas del mercado y superar los desaf\u00edos que se nos han presentado, adapt\u00e1ndonos a los cambios que han aparecido.<\/p>\n\n\n<div class=\"wp-block-image\">\n<figure class=\"aligncenter size-full\"><img loading=\"lazy\" decoding=\"async\" width=\"586\" height=\"272\" src=\"https:\/\/www.imprefil.com\/es\/wp-content\/uploads\/2024\/12\/Comunicado07.jpg\" alt=\"\" class=\"wp-image-5369\" srcset=\"https:\/\/www.imprefil.com\/es\/wp-content\/uploads\/2024\/12\/Comunicado07.jpg 586w, https:\/\/www.imprefil.com\/es\/wp-content\/uploads\/2024\/12\/Comunicado07-300x139.jpg 300w\" sizes=\"auto, (max-width: 586px) 100vw, 586px\" \/><\/figure>\n<\/div>\n\n\n<p><strong>Agradecemos a todos nuestros colaboradores, clientes y proveedores por su confianza y apoyo constante, y por supuesto al equipo de IMPREFIL necesario en todo este camin<\/strong>o, aportando su dedicaci\u00f3n y conocimiento en cada momento, en la celebraci\u00f3n de estos 45 a\u00f1os.<\/p>\n\n\n\n<p>No s\u00f3lo es una ocasi\u00f3n para mirar hacia atr\u00e1s y reconocer nuestros logros, sino tambi\u00e9n un momento para fijar nuevas metas. Continuaremos innovando y mejorando nuestros procesos para seguir siendo l\u00edderes en el sector.&nbsp;<\/p>\n\n\n\n<p>En IMPREFIL, el compromiso con la excelencia es un valor que nos impulsa a trascender y a construir un futuro a\u00fan m\u00e1s prometedor.<\/p>\n\n\n\n<p><strong><em>\u00a1Brindemos juntos por muchos a\u00f1os m\u00e1s de \u00e9xito y crecimiento!<\/em><\/strong><\/p>\n\n\n\n<p><a href=\"http:\/\/www.imprefil.com\/es\/catalogo\/\" title=\"https:\/\/www.imprefil.com\/es\/catalogo\/\">Cat\u00e1logo<\/a><\/p>\n","protected":false},"excerpt":{"rendered":"<p>Este a\u00f1o, IMPREFIL celebra con orgullo 45 a\u00f1os de servicio en el sector, un hito que refleja nuestro compromiso inquebrantable con la calidad, la innovaci\u00f3n y la satisfacci\u00f3n del cliente.\u00a0 S\u00edguenos en las RRSS: Desde nuestros inicios, hemos trabajado incansablemente para ofrecer soluciones eficaces y productos de primer nivel, estableci\u00e9ndonos como un referente en la [&hellip;]<\/p>\n","protected":false},"author":2,"featured_media":5371,"comment_status":"closed","ping_status":"closed","sticky":false,"template":"","format":"standard","meta":{"footnotes":""},"categories":[29],"tags":[],"class_list":["post-5367","post","type-post","status-publish","format-standard","has-post-thumbnail","hentry","category-noticias","latest_post"],"aioseo_notices":[],"_links":{"self":[{"href":"https:\/\/www.imprefil.com\/es\/wp-json\/wp\/v2\/posts\/5367","targetHints":{"allow":["GET"]}}],"collection":[{"href":"https:\/\/www.imprefil.com\/es\/wp-json\/wp\/v2\/posts"}],"about":[{"href":"https:\/\/www.imprefil.com\/es\/wp-json\/wp\/v2\/types\/post"}],"author":[{"embeddable":true,"href":"https:\/\/www.imprefil.com\/es\/wp-json\/wp\/v2\/users\/2"}],"replies":[{"embeddable":true,"href":"https:\/\/www.imprefil.com\/es\/wp-json\/wp\/v2\/comments?post=5367"}],"version-history":[{"count":1,"href":"https:\/\/www.imprefil.com\/es\/wp-json\/wp\/v2\/posts\/5367\/revisions"}],"predecessor-version":[{"id":5370,"href":"https:\/\/www.imprefil.com\/es\/wp-json\/wp\/v2\/posts\/5367\/revisions\/5370"}],"wp:featuredmedia":[{"embeddable":true,"href":"https:\/\/www.imprefil.com\/es\/wp-json\/wp\/v2\/media\/5371"}],"wp:attachment":[{"href":"https:\/\/www.imprefil.com\/es\/wp-json\/wp\/v2\/media?parent=5367"}],"wp:term":[{"taxonomy":"category","embeddable":true,"href":"https:\/\/www.imprefil.com\/es\/wp-json\/wp\/v2\/categories?post=5367"},{"taxonomy":"post_tag","embeddable":true,"href":"https:\/\/www.imprefil.com\/es\/wp-json\/wp\/v2\/tags?post=5367"}],"curies":[{"name":"wp","href":"https:\/\/api.w.org\/{rel}","templated":true}]}}