{"id":5230,"date":"2023-10-30T12:05:35","date_gmt":"2023-10-30T11:05:35","guid":{"rendered":"https:\/\/www.imprefil.com\/es\/?p=5230"},"modified":"2025-01-17T12:43:38","modified_gmt":"2025-01-17T11:43:38","slug":"imprefil-presenta-nuevos-servicios-y-nuevos-productos-en-la-feria-smopyc","status":"publish","type":"post","link":"https:\/\/www.imprefil.com\/es\/imprefil-presenta-nuevos-servicios-y-nuevos-productos-en-la-feria-smopyc\/","title":{"rendered":"Imprefil presenta nuevos servicios y nuevos productos en la feria SMOPYC"},"content":{"rendered":"\n<p><strong>SMOPYC, Sal\u00f3n Internacional de Maquinaria de Obras P\u00fablicas, Construcci\u00f3n y Miner\u00eda celebra, en la localidad de la feria de Zaragoza, su XIX edici\u00f3n en los d\u00edas del 22 al 25 de noviembre de este a\u00f1o 2023.<\/strong><\/p>\n\n\n\n<p><strong><em>S\u00edguenos en las RRSS:<\/em><\/strong> <\/p>\n\n\n\n<ul class=\"wp-block-social-links is-layout-flex wp-block-social-links-is-layout-flex\"><li class=\"wp-social-link wp-social-link-linkedin  wp-block-social-link\"><a href=\"https:\/\/www.linkedin.com\/company\/imprefil-distribuciones-s-a-\/posts\/?feedView=all\" class=\"wp-block-social-link-anchor\"><svg width=\"24\" height=\"24\" viewBox=\"0 0 24 24\" version=\"1.1\" xmlns=\"http:\/\/www.w3.org\/2000\/svg\" aria-hidden=\"true\" focusable=\"false\"><path d=\"M19.7,3H4.3C3.582,3,3,3.582,3,4.3v15.4C3,20.418,3.582,21,4.3,21h15.4c0.718,0,1.3-0.582,1.3-1.3V4.3 C21,3.582,20.418,3,19.7,3z M8.339,18.338H5.667v-8.59h2.672V18.338z M7.004,8.574c-0.857,0-1.549-0.694-1.549-1.548 c0-0.855,0.691-1.548,1.549-1.548c0.854,0,1.547,0.694,1.547,1.548C8.551,7.881,7.858,8.574,7.004,8.574z M18.339,18.338h-2.669 v-4.177c0-0.996-0.017-2.278-1.387-2.278c-1.389,0-1.601,1.086-1.601,2.206v4.249h-2.667v-8.59h2.559v1.174h0.037 c0.356-0.675,1.227-1.387,2.526-1.387c2.703,0,3.203,1.779,3.203,4.092V18.338z\"><\/path><\/svg><span class=\"wp-block-social-link-label screen-reader-text\">LinkedIn<\/span><\/a><\/li><\/ul>\n\n\n\n<p>Imprefil Distribuciones, como expositor de referencia de esta feria, va a tener una presencia relevante desde su stand en el Pabell\u00f3n 6 &#8211; G \/ 12-14.<\/p>\n\n\n\n<p>Imprefil contin\u00faa apostando por la innovaci\u00f3n y la b\u00fasqueda de nuevos productos demandados por un mercado en constante cambio. Como empresa en constante investigaci\u00f3n de mercados, presenta novedades en productos de Filtraci\u00f3n, T\u00e9rmico y refrigeraci\u00f3n y en la l\u00ednea de Catalizadores.<\/p>\n\n\n\n<figure class=\"wp-block-image size-full\"><img loading=\"lazy\" decoding=\"async\" width=\"800\" height=\"533\" src=\"https:\/\/www.imprefil.com\/es\/wp-content\/uploads\/2023\/10\/2DIA-PABELLON7-22-min.jpg\" alt=\"\" class=\"wp-image-5234\" srcset=\"https:\/\/www.imprefil.com\/es\/wp-content\/uploads\/2023\/10\/2DIA-PABELLON7-22-min.jpg 800w, https:\/\/www.imprefil.com\/es\/wp-content\/uploads\/2023\/10\/2DIA-PABELLON7-22-min-300x200.jpg 300w, https:\/\/www.imprefil.com\/es\/wp-content\/uploads\/2023\/10\/2DIA-PABELLON7-22-min-768x512.jpg 768w\" sizes=\"auto, (max-width: 800px) 100vw, 800px\" \/><\/figure>\n\n\n\n<p><strong>FILTRACI\u00d3N<\/strong><\/p>\n\n\n\n<p>Imprefil Distribuciones, con m\u00e1s de 40 a\u00f1os como especialista en filtraci\u00f3n, y siempre en vanguardia en ofrecer a sus clientes y colaboradores un servicio de calidad orientado a la mejora de sus negocios, ofrece en su cat\u00e1logo de filtraci\u00f3n toda una l\u00ednea de productos de las m\u00e1s prestigiosas y reconocidas marcas de fabricantes mundiales, entre los que cabe destacar los prestigiosos filtros BALDWIN, referente mundial en filtraci\u00f3n para maquinaria de Obra P\u00fablica (OP), Construcci\u00f3n, Miner\u00eda e Industrial, siempre con calidad OE (Equipo Original).<\/p>\n\n\n\n<p>El cat\u00e1logo de filtraci\u00f3n de Imprefil incluye toda la gama en filtros de aire, filtros de aceite, filtros de combustible, filtros de habit\u00e1culo y accesorios. Otras marcas que expondr\u00e1 Imprefil en SMOPYC son las prestigiosas UFI, SEPAR, PARKER HANNIFIN o VIRGIS entre otras de calidad OE<\/p>\n\n\n\n<p><strong>T\u00c9RMICO Y REFRIGERACI\u00d3N<\/strong><\/p>\n\n\n\n<p>Imprefil distribuye, a trav\u00e9s de su representada G&amp;M Radiator entre otras, una gama de m\u00e1s de 500 referencias distintas de radiadores, enfriadores, combicooler, etc, para maquinaria de Obra P\u00fablica, Construcci\u00f3n y Miner\u00eda adem\u00e1s de para la Industria, el V.I., etc.<\/p>\n\n\n\n<p>La gama de G&amp;M Radiator, distribuida en nuestro pa\u00eds por Imprefil, cubre aplicaciones m\u00f3viles y est\u00e1ticas de los principales fabricantes de maquinaria: Caterpillar, JCB, Case, Komatsu o Kubota, entre otros muchos.<\/p>\n\n\n\n<p>Los productos de G&amp;M Radiator incorporan las \u00faltimas novedades tecnol\u00f3gicas del sector y dispone de un departamento de ingenier\u00eda altamente especializado con capacidad para producir herramientas \u00fanicas que aportan diferenciaci\u00f3n y una gran ventaja competitiva a la hora de fabricar intercambiadores de calor que cubren las m\u00e1s amplias exigencias de los clientes.<\/p>\n\n\n\n<p>Otras marcas de t\u00e9rmico y refrigeraci\u00f3n que distribuye Imprefil y mostrar\u00e1 en su stand del Pabell\u00f3n 6 &#8211; G \/ 12-14 de SMOPYC son las de reconocido prestigio AKG, KOYO, IR PLUS y otras.<\/p>\n\n\n<div class=\"wp-block-image\">\n<figure class=\"alignright size-large is-resized\"><img loading=\"lazy\" decoding=\"async\" width=\"1024\" height=\"627\" src=\"https:\/\/www.imprefil.com\/es\/wp-content\/uploads\/2023\/10\/smopyc-2023-logo-1024x627.png\" alt=\"\" class=\"wp-image-5233\" style=\"width:314px;height:192px\" srcset=\"https:\/\/www.imprefil.com\/es\/wp-content\/uploads\/2023\/10\/smopyc-2023-logo-1024x627.png 1024w, https:\/\/www.imprefil.com\/es\/wp-content\/uploads\/2023\/10\/smopyc-2023-logo-300x184.png 300w, https:\/\/www.imprefil.com\/es\/wp-content\/uploads\/2023\/10\/smopyc-2023-logo-768x470.png 768w, https:\/\/www.imprefil.com\/es\/wp-content\/uploads\/2023\/10\/smopyc-2023-logo-1536x940.png 1536w, https:\/\/www.imprefil.com\/es\/wp-content\/uploads\/2023\/10\/smopyc-2023-logo-750x460.png 750w, https:\/\/www.imprefil.com\/es\/wp-content\/uploads\/2023\/10\/smopyc-2023-logo.png 1640w\" sizes=\"auto, (max-width: 1024px) 100vw, 1024px\" \/><\/figure>\n<\/div>\n\n\n<p><strong>ESCAPES \u2013 CATALIZADORES<\/strong><\/p>\n\n\n\n<p>Esta l\u00ednea del cat\u00e1logo de&nbsp;Imprefil&nbsp;incluye Escapes, Filtros de part\u00edculas, Catalizadores y los complementos para realizar un recambio eficiente y de calidad en tiempo \u00f3ptimo, avalados por la calidad de una marca como BM Catalysts y otras de referencia mundial.<\/p>\n\n\n\n<p><strong>SERVICIOS DE RECONSTRUCCI\u00d3N CON PROYECTOS LLAVE EN MANO<\/strong><\/p>\n\n\n\n<p><strong>Reconstrucci\u00f3n de radiadores y escapes industriales<\/strong><\/p>\n\n\n\n<p>Imprefil, atendiendo a las caracter\u00edsticas de un mercado en creciente demanda de soluciones, ofrece una l\u00ednea de&nbsp;fabricaci\u00f3n a medida&nbsp;de radiadores y de escapes, tubos y sistemas que incorporan las m\u00e1quinas a motor de combusti\u00f3n.<\/p>\n\n\n\n<p>Imprefil dispone de departamento espec\u00edfico para reconstruir radiadores y sistemas de escape partiendo de planos o de la propia pieza deteriorada<\/p>\n\n\n\n<p>La producci\u00f3n por Imprefil de los radiadores y escapes a medida es flexible, y puede realizarse en diferentes calidades de material<\/p>\n\n\n\n<p>Desde el dise\u00f1o inicial y la creaci\u00f3n de prototipos hasta la producci\u00f3n final, Imprefil ofrece al cliente una soluci\u00f3n simple adecuada a la resoluci\u00f3n del problema.<\/p>\n\n\n\n<p>Consigue tus entradas gratis <a href=\"https:\/\/visitantes.feriazaragoza.es\/\" target=\"_blank\" rel=\"noopener\" title=\"\">AQU\u00cd<\/a><\/p>\n\n\n\n<p><a href=\"https:\/\/www.imprefil.com\/es\/NotasDePrensa\/NP147\/NdPImp147.html\" target=\"_blank\" rel=\"noopener\" title=\"https:\/\/www.imprefil.com\/es\/NotasDePrensa\/NP147\/NdPImp147.html\">Ver Nota de prensa<\/a>&nbsp;::&nbsp;<a href=\"http:\/\/www.imprefil.com\/es\/catalogo\/\">Cat\u00e1logo<\/a><\/p>\n\n\n\n<hr class=\"wp-block-separator has-css-opacity is-style-wide\"\/>\n","protected":false},"excerpt":{"rendered":"<p>SMOPYC, Sal\u00f3n Internacional de Maquinaria de Obras P\u00fablicas, Construcci\u00f3n y Miner\u00eda celebra, en la localidad de la feria de Zaragoza, su XIX edici\u00f3n en los d\u00edas del 22 al 25 de noviembre de este a\u00f1o 2023. S\u00edguenos en las RRSS: Imprefil Distribuciones, como expositor de referencia de esta feria, va a tener una presencia relevante [&hellip;]<\/p>\n","protected":false},"author":2,"featured_media":5232,"comment_status":"closed","ping_status":"closed","sticky":false,"template":"","format":"standard","meta":{"footnotes":""},"categories":[29],"tags":[],"class_list":["post-5230","post","type-post","status-publish","format-standard","has-post-thumbnail","hentry","category-noticias","latest_post"],"aioseo_notices":[],"_links":{"self":[{"href":"https:\/\/www.imprefil.com\/es\/wp-json\/wp\/v2\/posts\/5230","targetHints":{"allow":["GET"]}}],"collection":[{"href":"https:\/\/www.imprefil.com\/es\/wp-json\/wp\/v2\/posts"}],"about":[{"href":"https:\/\/www.imprefil.com\/es\/wp-json\/wp\/v2\/types\/post"}],"author":[{"embeddable":true,"href":"https:\/\/www.imprefil.com\/es\/wp-json\/wp\/v2\/users\/2"}],"replies":[{"embeddable":true,"href":"https:\/\/www.imprefil.com\/es\/wp-json\/wp\/v2\/comments?post=5230"}],"version-history":[{"count":4,"href":"https:\/\/www.imprefil.com\/es\/wp-json\/wp\/v2\/posts\/5230\/revisions"}],"predecessor-version":[{"id":5406,"href":"https:\/\/www.imprefil.com\/es\/wp-json\/wp\/v2\/posts\/5230\/revisions\/5406"}],"wp:featuredmedia":[{"embeddable":true,"href":"https:\/\/www.imprefil.com\/es\/wp-json\/wp\/v2\/media\/5232"}],"wp:attachment":[{"href":"https:\/\/www.imprefil.com\/es\/wp-json\/wp\/v2\/media?parent=5230"}],"wp:term":[{"taxonomy":"category","embeddable":true,"href":"https:\/\/www.imprefil.com\/es\/wp-json\/wp\/v2\/categories?post=5230"},{"taxonomy":"post_tag","embeddable":true,"href":"https:\/\/www.imprefil.com\/es\/wp-json\/wp\/v2\/tags?post=5230"}],"curies":[{"name":"wp","href":"https:\/\/api.w.org\/{rel}","templated":true}]}}