{"id":4295,"date":"2020-06-03T11:06:10","date_gmt":"2020-06-03T10:06:10","guid":{"rendered":"http:\/\/www.imprefil.com\/es\/?p=4295"},"modified":"2020-11-17T11:15:22","modified_gmt":"2020-11-17T10:15:22","slug":"imprefil-incorpora-una-nueva-gama-de-productos-a-su-linea-de-climatizacion","status":"publish","type":"post","link":"https:\/\/www.imprefil.com\/es\/imprefil-incorpora-una-nueva-gama-de-productos-a-su-linea-de-climatizacion\/","title":{"rendered":"Imprefil incorpora una Nueva Gama de productos a su l\u00ednea de Climatizaci\u00f3n"},"content":{"rendered":"<p>Con la incorporaci\u00f3n al cat\u00e1logo de m\u00e1s de 200 referencias de la nueva l\u00ednea de\u00a0<strong>ventiladores de habit\u00e1culo para turismo<\/strong>,\u00a0<strong>Imprefil<\/strong>\u00a0<strong>Distribuciones<\/strong>\u00a0ofrece la gama m\u00e1s completa del mercado en productos de climatizaci\u00f3n.<\/p>\n<p>Las altas temperaturas interiores y el aire viciado disminuyen la capacidad de concentraci\u00f3n del conductor, provocan somnolencia y aumentan el riesgo de quedarse dormido mientras conduce.<\/p>\n<p>El buen mantenimiento del sistema de climatizaci\u00f3n no s\u00f3lo resulta especialmente interesante en los meses veraniegos, sino que su uso se extiende, tambi\u00e9n, al\u00a0invierno\u00a0para mantener las mejores condiciones de confort en todo momento.<\/p>\n<p><img loading=\"lazy\" decoding=\"async\" class=\"aligncenter size-full wp-image-4297\" src=\"http:\/\/www.imprefil.com\/es\/wp-content\/uploads\/2020\/11\/Ventilador_01.jpg\" alt=\"\" width=\"665\" height=\"464\" srcset=\"https:\/\/www.imprefil.com\/es\/wp-content\/uploads\/2020\/11\/Ventilador_01.jpg 665w, https:\/\/www.imprefil.com\/es\/wp-content\/uploads\/2020\/11\/Ventilador_01-300x209.jpg 300w\" sizes=\"auto, (max-width: 665px) 100vw, 665px\" \/>El sistema de aire acondicionado aporta diversas ventajas y hace algo m\u00e1s que mantener un ambiente agradable en el veh\u00edculo. Adem\u00e1s de mejorar el confort, incrementa la seguridad en carretera y es fundamental para mantener el habit\u00e1culo libre de polvo, p\u00f3lenes e impurezas y en invierno, para mantener los cristales desempa\u00f1ados, permitiendo una conducci\u00f3n m\u00e1s segura durante todo el a\u00f1o.<\/p>\n<blockquote><p><em>Imprefil incorpora a su cat\u00e1logo m\u00e1s de 200 referencias de la nueva l\u00ednea de Ventiladores de Habit\u00e1culo para turismo<\/em><\/p><\/blockquote>\n<p>El ventilador del habit\u00e1culo es el elemento que genera el caudal de aire que pasa por la unidad de aire acondicionado, el cual se suministra al habit\u00e1culo para que lo enfr\u00ede o caliente.<\/p>\n<p><img loading=\"lazy\" decoding=\"async\" class=\"alignleft size-medium wp-image-4299\" src=\"http:\/\/www.imprefil.com\/es\/wp-content\/uploads\/2020\/11\/Ventilador_03-300x231.jpg\" alt=\"\" width=\"300\" height=\"231\" srcset=\"https:\/\/www.imprefil.com\/es\/wp-content\/uploads\/2020\/11\/Ventilador_03-300x231.jpg 300w, https:\/\/www.imprefil.com\/es\/wp-content\/uploads\/2020\/11\/Ventilador_03.jpg 734w\" sizes=\"auto, (max-width: 300px) 100vw, 300px\" \/><\/p>\n<p>Construidos con los materiales m\u00e1s ligeros y resistentes, los nuevos ventiladores de habit\u00e1culo distribuidos por\u00a0<strong>Imprefil<\/strong>\u00a0con\u00a0<strong>calidad OEM<\/strong>, primer equipo, garantiza la calidad en la sustituci\u00f3n de la pieza da\u00f1ada o deteriorada en el veh\u00edculo.<\/p>\n<p>El bajo nivel sonoro de estos ventiladores aportan mayor confort al usuario al tiempo que aumentan su seguridad en la conducci\u00f3n.<\/p>\n<p><strong>Imprefil<\/strong>, con 40 a\u00f1os como especialista en filtraci\u00f3n, t\u00e9rmico y sistemas de escape, y siempre en vanguardia en ofrecer a sus clientes y colaboradores un servicio de calidad orientado a la mejora de sus negocios, ofrece en su\u00a0<strong>cat\u00e1logo de t\u00e9rmico<\/strong>\u00a0toda una l\u00ednea de productos de las m\u00e1s prestigiosas y reconocidas marcas de fabricantes mundiales.<\/p>\n<p><img loading=\"lazy\" decoding=\"async\" class=\"alignright wp-image-4298 size-medium\" src=\"http:\/\/www.imprefil.com\/es\/wp-content\/uploads\/2020\/11\/Ventilador_02-300x242.jpg\" alt=\"\" width=\"300\" height=\"242\" srcset=\"https:\/\/www.imprefil.com\/es\/wp-content\/uploads\/2020\/11\/Ventilador_02-300x242.jpg 300w, https:\/\/www.imprefil.com\/es\/wp-content\/uploads\/2020\/11\/Ventilador_02.jpg 683w\" sizes=\"auto, (max-width: 300px) 100vw, 300px\" \/><\/p>\n<p><strong>Imprefil<\/strong>\u00a0ofrece la cobertura, calidad y servicio que necesita el mercado del recambio, y pone a disposici\u00f3n de sus colaboradores su completa gama en productos de climatizaci\u00f3n.<\/p>\n<p>El servicio de distribuci\u00f3n de Imprefil, garantiza la entrega de sus productos en stock en menos de 24 horas, y de 48 horas para pedidos de productos de baja rotaci\u00f3n.<\/p>\n","protected":false},"excerpt":{"rendered":"<p>Con la incorporaci\u00f3n al cat\u00e1logo de m\u00e1s de 200 referencias de la nueva l\u00ednea de\u00a0ventiladores de habit\u00e1culo para turismo,\u00a0Imprefil\u00a0Distribuciones\u00a0ofrece la gama m\u00e1s completa del mercado en productos de climatizaci\u00f3n. Las altas temperaturas interiores y el aire viciado disminuyen la capacidad de concentraci\u00f3n del conductor, provocan somnolencia y aumentan el riesgo de quedarse dormido mientras conduce. [&hellip;]<\/p>\n","protected":false},"author":2,"featured_media":4296,"comment_status":"closed","ping_status":"closed","sticky":false,"template":"","format":"standard","meta":{"footnotes":""},"categories":[29],"tags":[],"class_list":["post-4295","post","type-post","status-publish","format-standard","has-post-thumbnail","hentry","category-noticias","latest_post"],"aioseo_notices":[],"_links":{"self":[{"href":"https:\/\/www.imprefil.com\/es\/wp-json\/wp\/v2\/posts\/4295","targetHints":{"allow":["GET"]}}],"collection":[{"href":"https:\/\/www.imprefil.com\/es\/wp-json\/wp\/v2\/posts"}],"about":[{"href":"https:\/\/www.imprefil.com\/es\/wp-json\/wp\/v2\/types\/post"}],"author":[{"embeddable":true,"href":"https:\/\/www.imprefil.com\/es\/wp-json\/wp\/v2\/users\/2"}],"replies":[{"embeddable":true,"href":"https:\/\/www.imprefil.com\/es\/wp-json\/wp\/v2\/comments?post=4295"}],"version-history":[{"count":2,"href":"https:\/\/www.imprefil.com\/es\/wp-json\/wp\/v2\/posts\/4295\/revisions"}],"predecessor-version":[{"id":4301,"href":"https:\/\/www.imprefil.com\/es\/wp-json\/wp\/v2\/posts\/4295\/revisions\/4301"}],"wp:featuredmedia":[{"embeddable":true,"href":"https:\/\/www.imprefil.com\/es\/wp-json\/wp\/v2\/media\/4296"}],"wp:attachment":[{"href":"https:\/\/www.imprefil.com\/es\/wp-json\/wp\/v2\/media?parent=4295"}],"wp:term":[{"taxonomy":"category","embeddable":true,"href":"https:\/\/www.imprefil.com\/es\/wp-json\/wp\/v2\/categories?post=4295"},{"taxonomy":"post_tag","embeddable":true,"href":"https:\/\/www.imprefil.com\/es\/wp-json\/wp\/v2\/tags?post=4295"}],"curies":[{"name":"wp","href":"https:\/\/api.w.org\/{rel}","templated":true}]}}