{"id":4182,"date":"2020-03-18T13:24:24","date_gmt":"2020-03-18T12:24:24","guid":{"rendered":"http:\/\/www.imprefil.com\/es\/?p=4182"},"modified":"2020-05-04T13:25:01","modified_gmt":"2020-05-04T12:25:01","slug":"emergencia-sanitaria-covid-19-imprefil-garantiza-el-suministro-de-recambios","status":"publish","type":"post","link":"https:\/\/www.imprefil.com\/es\/emergencia-sanitaria-covid-19-imprefil-garantiza-el-suministro-de-recambios\/","title":{"rendered":"Emergencia Sanitaria COVID-19. Imprefil garantiza el suministro de recambios"},"content":{"rendered":"<p class=\"Estilo3\" align=\"left\"><strong>IMPREFIL DISTRIBUCIONES, S.A.<\/strong>, en conformidad con el\u00a0<strong>Real Decreto-ley 10\/2020, de 29 de marzo<\/strong>, por el que se declara el estado de alarma para la gesti\u00f3n de la situaci\u00f3n de crisis sanitaria ocasionada por el COVID-19, informa que\u00a0<strong>mantiene su total operatividad para atender y dar servicio a los sectores considerados como esenciales<\/strong>, en estricto cumplimiento de la ley y siguiendo las recomendaciones dadas por el Ministerio de Sanidad, seg\u00fan el protocolo establecido para ayudar a mejorar la situaci\u00f3n de cara a reducir la expansi\u00f3n del COVID-19 y el impacto del mismo sobre las actividades de las empresas, en particular aquellos que prestan los servicios y productos de primera necesidad, como son los sectores primario \u2013agr\u00edcola, ganadera, miner\u00eda, etc.-, industria y energ\u00eda, transporte -terrestre, mar\u00edtimo o ferroviario-\u00a0 y los servicios sanitarios, urgencias, seguridad, as\u00ed como los talleres de reparaci\u00f3n y distribuidores de recambios.<br \/>\n<img loading=\"lazy\" decoding=\"async\" class=\"alignright size-full wp-image-4184\" src=\"http:\/\/www.imprefil.com\/es\/wp-content\/uploads\/2020\/05\/unnamed.jpg\" alt=\"\" width=\"512\" height=\"341\" srcset=\"https:\/\/www.imprefil.com\/es\/wp-content\/uploads\/2020\/05\/unnamed.jpg 512w, https:\/\/www.imprefil.com\/es\/wp-content\/uploads\/2020\/05\/unnamed-300x200.jpg 300w\" sizes=\"auto, (max-width: 512px) 100vw, 512px\" \/><br \/>\n<strong>Imprefil Distribuciones comunica que:<\/strong><\/p>\n<ul class=\"Estilo3\">\n<li>Nuestra operatividad comercial, log\u00edstica y administrativa contin\u00faa de forma presencial en un horario de 9 a 17:30h. en las instalaciones de\u00a0<strong>Imprefil Madrid<\/strong>\u00a0y telef\u00f3nica en las de\u00a0<strong>Ibarfil Barcelona<\/strong>, poniendo en pr\u00e1ctica todas las medidas de seguridad e higiene laboral, y las indicaciones y regulaciones sanitarias dictadas por parte de las autoridades competentes.<\/li>\n<li><strong>Imprefil<\/strong>\u00a0ha reforzado su servicio de venta on-line para atender las necesidades de sus colaboradores y clientes a trav\u00e9s de su plataforma integrada de comercio electr\u00f3nico.<\/li>\n<li>Las entregas de material a las agencias de transporte est\u00e1n sujetas a las nuevas medidas y regulaciones de acuerdo a las indicaciones sanitarias dictadas por parte de las autoridades competentes.<\/li>\n<li>Las visitas de proveedores y clientes quedan suspendidas de forma presencial hasta que las autoridades competentes indiquen su pertinencia de acuerdo al control del COVID-19.<\/li>\n<li>La actividad comercial de Imprefil sigue desempe\u00f1\u00e1ndose con total normalidad, manteniendo la atenci\u00f3n habitual a sus colaboradores, gracias a las medidas anticipadas a lo largo de las semanas pasadas, confirmadas por el Gobierno en sus nuevos decretos.<\/li>\n<\/ul>\n<p class=\"Estilo3\" align=\"left\"><strong>As\u00ed mismo IMPREFIL quiere se\u00f1alar que:<\/strong><\/p>\n<ul class=\"Estilo3\">\n<li>Estas medidas se han tomado para proteger la salud de nuestros clientes, proveedores y equipo de trabajo.<\/li>\n<li>En Imprefil hacemos todo lo necesario para seguir ofreci\u00e9ndole el mejor servicio.<\/li>\n<li><strong>Imprefil Distribuciones<\/strong>\u00a0transmite un\u00a0<strong>mensaje de apoyo a los afectados<\/strong>, as\u00ed como agradece su esfuerzo y dedicaci\u00f3n a todas las personas que est\u00e1n trabajando incasablemente por controlar la enfermedad. Esperamos que, con la colaboraci\u00f3n de todos, se pueda solucionar la situaci\u00f3n a la mayor brevedad posible.<\/li>\n<\/ul>\n","protected":false},"excerpt":{"rendered":"<p>IMPREFIL DISTRIBUCIONES, S.A., en conformidad con el\u00a0Real Decreto-ley 10\/2020, de 29 de marzo, por el que se declara el estado de alarma para la gesti\u00f3n de la situaci\u00f3n de crisis sanitaria ocasionada por el COVID-19, informa que\u00a0mantiene su total operatividad para atender y dar servicio a los sectores considerados como esenciales, en estricto cumplimiento de [&hellip;]<\/p>\n","protected":false},"author":2,"featured_media":4183,"comment_status":"closed","ping_status":"closed","sticky":false,"template":"","format":"standard","meta":{"footnotes":""},"categories":[1],"tags":[],"class_list":["post-4182","post","type-post","status-publish","format-standard","has-post-thumbnail","hentry","category-uncategorized","latest_post"],"aioseo_notices":[],"_links":{"self":[{"href":"https:\/\/www.imprefil.com\/es\/wp-json\/wp\/v2\/posts\/4182","targetHints":{"allow":["GET"]}}],"collection":[{"href":"https:\/\/www.imprefil.com\/es\/wp-json\/wp\/v2\/posts"}],"about":[{"href":"https:\/\/www.imprefil.com\/es\/wp-json\/wp\/v2\/types\/post"}],"author":[{"embeddable":true,"href":"https:\/\/www.imprefil.com\/es\/wp-json\/wp\/v2\/users\/2"}],"replies":[{"embeddable":true,"href":"https:\/\/www.imprefil.com\/es\/wp-json\/wp\/v2\/comments?post=4182"}],"version-history":[{"count":1,"href":"https:\/\/www.imprefil.com\/es\/wp-json\/wp\/v2\/posts\/4182\/revisions"}],"predecessor-version":[{"id":4185,"href":"https:\/\/www.imprefil.com\/es\/wp-json\/wp\/v2\/posts\/4182\/revisions\/4185"}],"wp:featuredmedia":[{"embeddable":true,"href":"https:\/\/www.imprefil.com\/es\/wp-json\/wp\/v2\/media\/4183"}],"wp:attachment":[{"href":"https:\/\/www.imprefil.com\/es\/wp-json\/wp\/v2\/media?parent=4182"}],"wp:term":[{"taxonomy":"category","embeddable":true,"href":"https:\/\/www.imprefil.com\/es\/wp-json\/wp\/v2\/categories?post=4182"},{"taxonomy":"post_tag","embeddable":true,"href":"https:\/\/www.imprefil.com\/es\/wp-json\/wp\/v2\/tags?post=4182"}],"curies":[{"name":"wp","href":"https:\/\/api.w.org\/{rel}","templated":true}]}}