{"id":1569,"date":"2019-03-20T16:28:27","date_gmt":"2019-03-20T15:28:27","guid":{"rendered":"http:\/\/www.imprefil.com\/es\/?p=1569"},"modified":"2019-08-21T16:29:39","modified_gmt":"2019-08-21T15:29:39","slug":"la-galeria-de-la-innovacion-reconoce-a-imprefil-por-toda-una-vida-en-motortec","status":"publish","type":"post","link":"https:\/\/www.imprefil.com\/es\/la-galeria-de-la-innovacion-reconoce-a-imprefil-por-toda-una-vida-en-motortec\/","title":{"rendered":"La Galer\u00eda de la Innovaci\u00f3n reconoce a Imprefil por Toda una Vida en Motortec"},"content":{"rendered":"<h3><strong>Imprefil<\/strong>\u00a0ha estado presente con notable \u00e9xito y un stand con una imagen renovada en la 15 edici\u00f3n de la prestigiosa feria del sector\u00a0<strong>Motortec Automechanika Madrid 2019<\/strong>.<\/h3>\n<p>Cabe destacar, que en la presente edici\u00f3n\u00a0<strong>Imperfil<\/strong>\u00a0ha registrado un elevado n\u00famero de visitas de socios y colaboradores del sector, tanto de empresas nacionales como portuguesas, donde la compa\u00f1\u00eda sigue apostando firmemente. El \u00e9xito obtenido en Motortec 2019 demuestra la eficacia de su pol\u00edtica de expansi\u00f3n avalada por las numerosas novedades presentadas.<\/p>\n<p><img loading=\"lazy\" decoding=\"async\" class=\"aligncenter size-full wp-image-1570\" src=\"http:\/\/www.imprefil.com\/es\/wp-content\/uploads\/2019\/08\/Motortec_IMG_20190313_193850.jpg\" alt=\"\" width=\"2348\" height=\"2680\" srcset=\"https:\/\/www.imprefil.com\/es\/wp-content\/uploads\/2019\/08\/Motortec_IMG_20190313_193850.jpg 2348w, https:\/\/www.imprefil.com\/es\/wp-content\/uploads\/2019\/08\/Motortec_IMG_20190313_193850-263x300.jpg 263w, https:\/\/www.imprefil.com\/es\/wp-content\/uploads\/2019\/08\/Motortec_IMG_20190313_193850-768x877.jpg 768w, https:\/\/www.imprefil.com\/es\/wp-content\/uploads\/2019\/08\/Motortec_IMG_20190313_193850-897x1024.jpg 897w\" sizes=\"auto, (max-width: 2348px) 100vw, 2348px\" \/><\/p>\n<p>En la presente edici\u00f3n, adem\u00e1s de las novedades en sus ya consolidadas l\u00edneas de\u00a0<strong>Filtraci\u00f3n<\/strong>,\u00a0<strong>T\u00e9rmico<\/strong>\u00a0y\u00a0<strong>Climatizaci\u00f3n<\/strong>,\u00a0<strong>Imprefil<\/strong>\u00a0ha anunciado toda una nueva l\u00ednea de productos que incorpora\u00a0<strong>Escapes<\/strong>, Filtros de part\u00edculas, Catalizadores y Todos los complementos para realizar un recambio eficiente y de calidad en tiempo \u00f3ptimo.<\/p>\n<p>Todas estas familias completan la m\u00e1s amplia muestra gama de recambios y componentes para veh\u00edculos, camiones, maquinar\u00eda industrial, obra p\u00fablica y naval compuesta entre otros por Filtros de Aire, Aceite, Combustible, Deshidratadores, Hidr\u00e1ulica, Separadores Aire-Aceite, Separadores Agua-Gasoil, Compresores, N\u00e1utica, Maquinar\u00eda de O.P., Sistemas Hidr\u00e1ulicos, Purificaci\u00f3n de Aire, Radiadores, Calefactores, Condensadores, Intercoolers, Refrigeradores de Aceite, Compresores, Enfriadores de Aceite, Aditivos para combustible, Filtros de part\u00edculas, DPF, Catalizadores y N\u00facleos.<\/p>\n<blockquote><p><em>La compa\u00f1\u00eda ha estrechado lazos con sus socios y colaboradores y ha presentado los nuevos productos incorporados a sus diferentes l\u00edneas de negocio especialmente en DPF, catalizadores y escapes<\/em><\/p><\/blockquote>\n<p><strong>Imprefil<\/strong>\u00a0ha apostado firmemente por la feria Motortec y por eso ha participado desde su primera edici\u00f3n en el a\u00f1o 1991 de manera ininterrumpida, por este motivo la organizaci\u00f3n, desde la\u00a0<strong>Galer\u00eda de la Innovaci\u00f3n<\/strong>, una iniciativa dise\u00f1ada para la I+D+i sectorial, que reconoce la labor de investigaci\u00f3n, la capacidad innovadora y los desarrollos t\u00e9cnicos que est\u00e1n llevando a cabo las empresas del sector,<strong>\u00a0ha reconocido a Imprefil por Toda una Vida en Motortec Automec\u00e1nica. Jes\u00fas Villafa\u00f1ez<\/strong>, ,CEO de Imprefil Distribuciones, recogi\u00f3 el premio y desde este espacio ha querido agradecer a todos sus colaboradores el apoyo recibido durante estos estos a\u00f1os y que ha hecho posible este reconocimiento.<\/p>\n<p><img loading=\"lazy\" decoding=\"async\" class=\"size-medium wp-image-1572 alignright\" src=\"http:\/\/www.imprefil.com\/es\/wp-content\/uploads\/2019\/08\/motortecifemaok-300x103.jpg\" alt=\"\" width=\"300\" height=\"103\" srcset=\"https:\/\/www.imprefil.com\/es\/wp-content\/uploads\/2019\/08\/motortecifemaok-300x103.jpg 300w, https:\/\/www.imprefil.com\/es\/wp-content\/uploads\/2019\/08\/motortecifemaok.jpg 350w\" sizes=\"auto, (max-width: 300px) 100vw, 300px\" \/>La participaci\u00f3n en Motortec 2019, ha servido a\u00a0<strong>Imprefil<\/strong>\u00a0para generar nuevos negocios adem\u00e1s de brindarle la oportunidad de estrechar lazos con sus principales socios y colaboradores. Por ello,\u00a0<strong>Imprefil<\/strong>\u00a0est\u00e1 muy satisfecha con su participaci\u00f3n y los resultados obtenidos y del premio recibido en esta edici\u00f3n de Motortec 2019.<\/p>\n","protected":false},"excerpt":{"rendered":"<p>Imprefil\u00a0ha estado presente con notable \u00e9xito y un stand con una imagen renovada en la 15 edici\u00f3n de la prestigiosa feria del sector\u00a0Motortec Automechanika Madrid 2019. Cabe destacar, que en la presente edici\u00f3n\u00a0Imperfil\u00a0ha registrado un elevado n\u00famero de visitas de socios y colaboradores del sector, tanto de empresas nacionales como portuguesas, donde la compa\u00f1\u00eda sigue [&hellip;]<\/p>\n","protected":false},"author":2,"featured_media":1571,"comment_status":"closed","ping_status":"closed","sticky":false,"template":"","format":"standard","meta":{"footnotes":""},"categories":[29],"tags":[],"class_list":["post-1569","post","type-post","status-publish","format-standard","has-post-thumbnail","hentry","category-noticias","latest_post"],"aioseo_notices":[],"_links":{"self":[{"href":"https:\/\/www.imprefil.com\/es\/wp-json\/wp\/v2\/posts\/1569","targetHints":{"allow":["GET"]}}],"collection":[{"href":"https:\/\/www.imprefil.com\/es\/wp-json\/wp\/v2\/posts"}],"about":[{"href":"https:\/\/www.imprefil.com\/es\/wp-json\/wp\/v2\/types\/post"}],"author":[{"embeddable":true,"href":"https:\/\/www.imprefil.com\/es\/wp-json\/wp\/v2\/users\/2"}],"replies":[{"embeddable":true,"href":"https:\/\/www.imprefil.com\/es\/wp-json\/wp\/v2\/comments?post=1569"}],"version-history":[{"count":2,"href":"https:\/\/www.imprefil.com\/es\/wp-json\/wp\/v2\/posts\/1569\/revisions"}],"predecessor-version":[{"id":1574,"href":"https:\/\/www.imprefil.com\/es\/wp-json\/wp\/v2\/posts\/1569\/revisions\/1574"}],"wp:featuredmedia":[{"embeddable":true,"href":"https:\/\/www.imprefil.com\/es\/wp-json\/wp\/v2\/media\/1571"}],"wp:attachment":[{"href":"https:\/\/www.imprefil.com\/es\/wp-json\/wp\/v2\/media?parent=1569"}],"wp:term":[{"taxonomy":"category","embeddable":true,"href":"https:\/\/www.imprefil.com\/es\/wp-json\/wp\/v2\/categories?post=1569"},{"taxonomy":"post_tag","embeddable":true,"href":"https:\/\/www.imprefil.com\/es\/wp-json\/wp\/v2\/tags?post=1569"}],"curies":[{"name":"wp","href":"https:\/\/api.w.org\/{rel}","templated":true}]}}