{"id":1519,"date":"2019-03-13T16:25:27","date_gmt":"2019-03-13T15:25:27","guid":{"rendered":"http:\/\/www.imprefil.com\/es\/?p=1519"},"modified":"2019-06-19T08:27:54","modified_gmt":"2019-06-19T07:27:54","slug":"imprefil-presenta-en-motortec-una-nueva-imagen-y-nuevas-gamas-de-productos","status":"publish","type":"post","link":"https:\/\/www.imprefil.com\/es\/imprefil-presenta-en-motortec-una-nueva-imagen-y-nuevas-gamas-de-productos\/","title":{"rendered":"Imprefil presenta en Motortec una nueva imagen y nuevas gamas de productos"},"content":{"rendered":"<p class=\"Estilo5\"><strong>Imprefil<\/strong>\u00a0con motivo de la celebraci\u00f3n en Madrid de la 15 edici\u00f3n de la Feria Internacional L\u00edder para la Industria de Automoci\u00f3n en Espa\u00f1a dirigida a visitantes profesionales, se presenta en su stand 5D10, con una imagen renovada acorde con la estrategia marcada en su plan de negocio, orientada a facilitar a sus clientes y colaboradores la gama m\u00e1s completa y de mayor calidad de sus productos en cat\u00e1logo.<\/p>\n<p>La nueva imagen del stand de Imprefil ofrece a visitantes, colaboradores y clientes la impresi\u00f3n de encontrar, en un mismo espacio, toda la gama de productos que completa su cat\u00e1logo. Imprefil innova con este nuevo concepto que permite, desde una perspectiva global, obtener una visi\u00f3n clara de la oferta de productos.<\/p>\n<p><strong><img loading=\"lazy\" decoding=\"async\" class=\"alignleft size-medium wp-image-1543\" src=\"http:\/\/www.imprefil.com\/es\/wp-content\/uploads\/2019\/05\/compresor-300x276.jpg\" alt=\"\" width=\"300\" height=\"276\" srcset=\"https:\/\/www.imprefil.com\/es\/wp-content\/uploads\/2019\/05\/compresor-300x276.jpg 300w, https:\/\/www.imprefil.com\/es\/wp-content\/uploads\/2019\/05\/compresor-768x707.jpg 768w, https:\/\/www.imprefil.com\/es\/wp-content\/uploads\/2019\/05\/compresor-1024x943.jpg 1024w\" sizes=\"auto, (max-width: 300px) 100vw, 300px\" \/><\/strong><strong>Motortec Automechanika Madrid\u00a0<\/strong>est\u00e1 dirigida a visitantes profesionales de la Pen\u00ednsula Ib\u00e9rica, Am\u00e9rica Latina y Norte de \u00c1frica.\u00a0<strong>Imprefil Distribuciones<\/strong>, es un referente en el sector de la distribuci\u00f3n tanto por su nivel de especializaci\u00f3n, como por la categor\u00eda de las marcas representadas, la calidad de su servicio y de la respuesta profesional a sus clientes y colaboradores. Imprefil ha participado de forma ininterrumpida en las quince ediciones de esta afamada feria.<\/p>\n<p>En un mismo espacio, pero de forma diferenciada, IMPREFIL ofrece:<\/p>\n<p><strong>FILTRACI\u00d3N\u00a0<\/strong><br \/>\nMarcas de primera calidad distribuidas por\u00a0<strong>Imprefil<\/strong>\u00a0con la gama m\u00e1s actualizada, completa y amplia del mercado para el sector de automoci\u00f3n:<\/p>\n<ul class=\"Estilo5\">\n<li>Filtros\u00a0<strong>Baldwin<\/strong>, y su l\u00ednea de filtros de aire\u00a0<strong>EnduraPanel<\/strong>\u00a0entre otros;<\/li>\n<li><strong>Filtros Virgis<\/strong>; la gama de filtros\u00a0<strong>GFT<\/strong>, y la serie especial de\u00a0<strong>Sofima Filter<\/strong>, incluyen una amplia variedad de modelos de filtros de aceite, combustible, aire e hidr\u00e1ulicos para autom\u00f3viles, camiones, veh\u00edculos comerciales, etc.<\/li>\n<\/ul>\n<p class=\"Estilo5\">Imprefil, L\u00edder en el mercado de la filtraci\u00f3n en el territorio nacional, ofrece, adem\u00e1s, asesoramiento y suministro en aplicaciones de Equipo Original.<\/p>\n<p><strong><img loading=\"lazy\" decoding=\"async\" class=\"alignleft size-medium wp-image-1544\" src=\"http:\/\/www.imprefil.com\/es\/wp-content\/uploads\/2019\/05\/IMG_06_DSCF1601-162x300.jpg\" alt=\"\" width=\"162\" height=\"300\" srcset=\"https:\/\/www.imprefil.com\/es\/wp-content\/uploads\/2019\/05\/IMG_06_DSCF1601-162x300.jpg 162w, https:\/\/www.imprefil.com\/es\/wp-content\/uploads\/2019\/05\/IMG_06_DSCF1601-768x1423.jpg 768w, https:\/\/www.imprefil.com\/es\/wp-content\/uploads\/2019\/05\/IMG_06_DSCF1601-553x1024.jpg 553w, https:\/\/www.imprefil.com\/es\/wp-content\/uploads\/2019\/05\/IMG_06_DSCF1601.jpg 1617w\" sizes=\"auto, (max-width: 162px) 100vw, 162px\" \/>T\u00c9RMICO<\/strong><br \/>\nGama de productos desde radiadores, calefactores, intercoolers, condensadores, etc.<strong>\u00a0GM Radiator<\/strong>, y\u00a0<strong>KOYO<\/strong>\u00a0con una gran variedad de modelos de radiadores, enfriadores de aceite, Intercooler y Combi-cooler (aire\/agua &#8211; aire\/aceite\/agua), entre otros.<\/p>\n<p><strong>ESCAPES, FILTROS DE PART\u00cdCULAS, CATALIZADORES<\/strong><br \/>\nLa l\u00ednea de Filtros de Part\u00edculas (DPF \/ FPD), Catalizadores y Monolitos como productos a destacar dentro de su completa gama de sistemas de escape. Escapes especiales, Catalizadores universales desde EURO 2 a EURO 6, Filtros de Part\u00edculas y Monolitos.<\/p>\n<p><strong>Imprefil<\/strong>\u00a0incluye todas las piezas y complementos necesarios para un correcto y eficiente montaje de todas las piezas que suministra.<\/p>\n<p><strong>Imprefil<\/strong>, adem\u00e1s de suministrar para todos los modelos de veh\u00edculos turismo y comerciales, consigue as\u00ed atender de forma eficaz a los principales constructores a nivel mundial, entre los que se encuentran:\u00a0<strong>Komatsu<\/strong>,\u00a0<strong>JCB<\/strong>,\u00a0<strong>Hitachi<\/strong>,\u00a0<strong>Caterpillar<\/strong>,\u00a0<strong>Perkins<\/strong>,\u00a0<strong>Bearward<\/strong>,\u00a0<strong>Kubota<\/strong>,\u00a0<strong>Toyota Industrial<\/strong>,\u00a0<strong>Volvo Industrial<\/strong>\u00a0y\u00a0<strong>SDMO<\/strong>, entre otros.<\/p>\n<p><strong>El objetivo de Imprefil<\/strong>\u00a0es mostrar desde su<strong>\u00a0stand 5D10<\/strong>\u00a0a sus clientes que pueden confiar plenamente en que los productos y servicios de Imprefil son de la m\u00e1xima calidad.<\/p>\n<p><strong>Imprefil<\/strong>\u00a0se reafirma como uno de los principales proveedores de recambios para turismos y veh\u00edculo industrial, sigue sumando nuevos productos de calidad a su completo cat\u00e1logo, y contin\u00faa apostando por la innovaci\u00f3n y la b\u00fasqueda de las novedades demandadas por un mercado en constante cambio.<\/p>\n","protected":false},"excerpt":{"rendered":"<p>Imprefil\u00a0con motivo de la celebraci\u00f3n en Madrid de la 15 edici\u00f3n de la Feria Internacional L\u00edder para la Industria de Automoci\u00f3n en Espa\u00f1a dirigida a visitantes profesionales, se presenta en su stand 5D10, con una imagen renovada acorde con la estrategia marcada en su plan de negocio, orientada a facilitar a sus clientes y colaboradores [&hellip;]<\/p>\n","protected":false},"author":2,"featured_media":1541,"comment_status":"closed","ping_status":"closed","sticky":false,"template":"","format":"standard","meta":{"footnotes":""},"categories":[29],"tags":[],"class_list":["post-1519","post","type-post","status-publish","format-standard","has-post-thumbnail","hentry","category-noticias","latest_post"],"aioseo_notices":[],"_links":{"self":[{"href":"https:\/\/www.imprefil.com\/es\/wp-json\/wp\/v2\/posts\/1519","targetHints":{"allow":["GET"]}}],"collection":[{"href":"https:\/\/www.imprefil.com\/es\/wp-json\/wp\/v2\/posts"}],"about":[{"href":"https:\/\/www.imprefil.com\/es\/wp-json\/wp\/v2\/types\/post"}],"author":[{"embeddable":true,"href":"https:\/\/www.imprefil.com\/es\/wp-json\/wp\/v2\/users\/2"}],"replies":[{"embeddable":true,"href":"https:\/\/www.imprefil.com\/es\/wp-json\/wp\/v2\/comments?post=1519"}],"version-history":[{"count":4,"href":"https:\/\/www.imprefil.com\/es\/wp-json\/wp\/v2\/posts\/1519\/revisions"}],"predecessor-version":[{"id":1542,"href":"https:\/\/www.imprefil.com\/es\/wp-json\/wp\/v2\/posts\/1519\/revisions\/1542"}],"wp:featuredmedia":[{"embeddable":true,"href":"https:\/\/www.imprefil.com\/es\/wp-json\/wp\/v2\/media\/1541"}],"wp:attachment":[{"href":"https:\/\/www.imprefil.com\/es\/wp-json\/wp\/v2\/media?parent=1519"}],"wp:term":[{"taxonomy":"category","embeddable":true,"href":"https:\/\/www.imprefil.com\/es\/wp-json\/wp\/v2\/categories?post=1519"},{"taxonomy":"post_tag","embeddable":true,"href":"https:\/\/www.imprefil.com\/es\/wp-json\/wp\/v2\/tags?post=1519"}],"curies":[{"name":"wp","href":"https:\/\/api.w.org\/{rel}","templated":true}]}}