{"id":1051,"date":"2017-10-03T14:10:16","date_gmt":"2017-10-03T13:10:16","guid":{"rendered":"http:\/\/imprefil.com\/es\/?p=1051"},"modified":"2019-03-04T16:57:31","modified_gmt":"2019-03-04T15:57:31","slug":"imprefil-amplia-su-gama-termica-de-productos-para-automocion-e-industrial","status":"publish","type":"post","link":"https:\/\/www.imprefil.com\/es\/imprefil-amplia-su-gama-termica-de-productos-para-automocion-e-industrial\/","title":{"rendered":"Imprefil ampl\u00eda su gama T\u00e9rmica de productos para automoci\u00f3n e industrial"},"content":{"rendered":"<p class=\"Estilo5\">\u00a0Imprefil, l\u00edder en el sector de los componentes t\u00e9rmicos y de filtraci\u00f3n para los mercados industriales y de automoci\u00f3n, fiel a su compromiso de ofrecer los m\u00e1s innovadores productos del mercado a sus clientes anuncia la incorporaci\u00f3n de una nueva gama de 400 productos de T\u00e9rmico automoci\u00f3n (radiadores, condensadores, intercooler, refrigeradores, calefactores, etc.) que est\u00e1n avalados por las m\u00e1s prestigiosas marcas del mercado del recambio (aftermarket).<\/p>\n<p class=\"Estilo5\"><em>M\u00e1s de 400 productos con la m\u00e1xima calidad y garant\u00eda est\u00e1n ya disponibles para el cliente<\/em><\/p>\n<p class=\"Estilo5\">Desde su creaci\u00f3n Imprefil ha apostado por ofrecer un servicio r\u00e1pido, \u00e1gil y beneficioso para el cliente, con la m\u00e1xima calidad y la mejor garant\u00eda. Esta incorporaci\u00f3n responde a satisfacer las necesidades del parque de veh\u00edculos fabricados a partir de 2010, que ya han salido de la cobertura del servicio oficial y son atendidos ahora por el recambio libre.<\/p>\n<p><img loading=\"lazy\" decoding=\"async\" class=\"alignright size-full wp-image-1053\" src=\"http:\/\/imprefil.com\/es\/wp-content\/uploads\/2018\/12\/Radiadores.jpg\" alt=\"\" width=\"2652\" height=\"1167\" srcset=\"https:\/\/www.imprefil.com\/es\/wp-content\/uploads\/2018\/12\/Radiadores.jpg 2652w, https:\/\/www.imprefil.com\/es\/wp-content\/uploads\/2018\/12\/Radiadores-300x132.jpg 300w, https:\/\/www.imprefil.com\/es\/wp-content\/uploads\/2018\/12\/Radiadores-768x338.jpg 768w, https:\/\/www.imprefil.com\/es\/wp-content\/uploads\/2018\/12\/Radiadores-1024x451.jpg 1024w, https:\/\/www.imprefil.com\/es\/wp-content\/uploads\/2018\/12\/Radiadores-600x264.jpg 600w\" sizes=\"auto, (max-width: 2652px) 100vw, 2652px\" \/>Con esta \u00faltima incorporaci\u00f3n Imprefil sobrepasa las 4.000 referencias codificadas en este tipo de productos y proporciona un stock que permite obtener cualquier repuesto, tanto de automoci\u00f3n como industrial, en el menor tiempo, evitando as\u00ed sistemas parados o clientes en espera.<\/p>\n<p>Adem\u00e1s, los plazos de reposici\u00f3n semanales permiten a Imprefil cumplir con el compromiso de ser \u00e1giles y atender de forma satisfactoria las demandas de sus clientes.<\/p>\n<blockquote>\n<p class=\"Estilo5\" align=\"left\"><em>Imprefil se convierte en uno de los mayores suministradores de estas referencias en menos de 24 horas.\u00a0El parque de veh\u00edculos fabricados a partir de 2010 gozar\u00e1 de recambios y dispondr\u00e1 de recambios gracias a Imprefil<\/em><\/p>\n<\/blockquote>\n<p class=\"Estilo5\" align=\"left\">Asimismo, la compa\u00f1\u00eda se convierte en uno de los mayores distribuidores a nivel nacional de estas piezas en menos de 24h, contando adem\u00e1s con el soporte total de proveedores en Europa que facilitan repuestos urgentes en 48h, gracias a una excepcional red log\u00edstica.<\/p>\n<p><img loading=\"lazy\" decoding=\"async\" class=\"alignright size-medium wp-image-1052\" src=\"http:\/\/imprefil.com\/es\/wp-content\/uploads\/2018\/12\/Radiador-1-242x300.jpg\" alt=\"\" width=\"242\" height=\"300\" srcset=\"https:\/\/www.imprefil.com\/es\/wp-content\/uploads\/2018\/12\/Radiador-1-242x300.jpg 242w, https:\/\/www.imprefil.com\/es\/wp-content\/uploads\/2018\/12\/Radiador-1-768x952.jpg 768w, https:\/\/www.imprefil.com\/es\/wp-content\/uploads\/2018\/12\/Radiador-1-826x1024.jpg 826w, https:\/\/www.imprefil.com\/es\/wp-content\/uploads\/2018\/12\/Radiador-1-600x744.jpg 600w, https:\/\/www.imprefil.com\/es\/wp-content\/uploads\/2018\/12\/Radiador-1.jpg 1200w\" sizes=\"auto, (max-width: 242px) 100vw, 242px\" \/>Con esta ampliaci\u00f3n de su gama de productos, Imprefil continua con su plan de expansi\u00f3n con el objetivo de seguir innovando cada a\u00f1o y continuar liderando el sector de los componentes t\u00e9rmicos y de filtraci\u00f3n como lo lleva haciendo desde 1979.<\/p>\n<p>Para el equipo de cualificados profesionales con los que cuenta la compa\u00f1\u00eda, su mayor reto es estar al d\u00eda en este mundo tan cambiante y es por ello que seguir\u00e1n buscando nuevos productos y opciones a los ya implantados para mantener su liderazgo .<\/p>\n","protected":false},"excerpt":{"rendered":"<p>\u00a0Imprefil, l\u00edder en el sector de los componentes t\u00e9rmicos y de filtraci\u00f3n para los mercados industriales y de automoci\u00f3n, fiel a su compromiso de ofrecer los m\u00e1s innovadores productos del mercado a sus clientes anuncia la incorporaci\u00f3n de una nueva gama de 400 productos de T\u00e9rmico automoci\u00f3n (radiadores, condensadores, intercooler, refrigeradores, calefactores, etc.) que est\u00e1n [&hellip;]<\/p>\n","protected":false},"author":2,"featured_media":1054,"comment_status":"closed","ping_status":"closed","sticky":false,"template":"","format":"standard","meta":{"footnotes":""},"categories":[29],"tags":[],"class_list":["post-1051","post","type-post","status-publish","format-standard","has-post-thumbnail","hentry","category-noticias","latest_post"],"aioseo_notices":[],"_links":{"self":[{"href":"https:\/\/www.imprefil.com\/es\/wp-json\/wp\/v2\/posts\/1051","targetHints":{"allow":["GET"]}}],"collection":[{"href":"https:\/\/www.imprefil.com\/es\/wp-json\/wp\/v2\/posts"}],"about":[{"href":"https:\/\/www.imprefil.com\/es\/wp-json\/wp\/v2\/types\/post"}],"author":[{"embeddable":true,"href":"https:\/\/www.imprefil.com\/es\/wp-json\/wp\/v2\/users\/2"}],"replies":[{"embeddable":true,"href":"https:\/\/www.imprefil.com\/es\/wp-json\/wp\/v2\/comments?post=1051"}],"version-history":[{"count":1,"href":"https:\/\/www.imprefil.com\/es\/wp-json\/wp\/v2\/posts\/1051\/revisions"}],"predecessor-version":[{"id":1055,"href":"https:\/\/www.imprefil.com\/es\/wp-json\/wp\/v2\/posts\/1051\/revisions\/1055"}],"wp:featuredmedia":[{"embeddable":true,"href":"https:\/\/www.imprefil.com\/es\/wp-json\/wp\/v2\/media\/1054"}],"wp:attachment":[{"href":"https:\/\/www.imprefil.com\/es\/wp-json\/wp\/v2\/media?parent=1051"}],"wp:term":[{"taxonomy":"category","embeddable":true,"href":"https:\/\/www.imprefil.com\/es\/wp-json\/wp\/v2\/categories?post=1051"},{"taxonomy":"post_tag","embeddable":true,"href":"https:\/\/www.imprefil.com\/es\/wp-json\/wp\/v2\/tags?post=1051"}],"curies":[{"name":"wp","href":"https:\/\/api.w.org\/{rel}","templated":true}]}}